{"id":942,"date":"2023-02-24T07:56:44","date_gmt":"2023-02-24T06:56:44","guid":{"rendered":"https:\/\/www.feuerwehr-riedrode.de\/wordpress\/?p=942"},"modified":"2023-02-24T07:58:51","modified_gmt":"2023-02-24T06:58:51","slug":"jahreshauptversammlung-der-jugendfeuerwehr","status":"publish","type":"post","link":"https:\/\/www.feuerwehr-riedrode.de\/wordpress\/2023\/02\/24\/jahreshauptversammlung-der-jugendfeuerwehr\/","title":{"rendered":"Jahreshauptversammlung der Jugendfeuerwehr"},"content":{"rendered":"\n<p>Zur Jahreshauptversammlung der Jugendfeuerwehr Riedrode konnten wir zahlreiche G\u00e4ste begr\u00fc\u00dfen. Darunter Eltern der Jugendlichen, Vertreter aus Verwaltung, Politik und Feuerwehr sowie Mitglieder der Einsatzabteilung und der Alters- &amp; Ehrenabteilung. In seinem Bericht ging Jugendwart Benjamin Eichhorn auf alle Aktivit\u00e4ten und Ereignisse des vergangenen Jahres ein. Abschlie\u00dfend dankte er allen Unterst\u00fctzern. Im Rahmen der Versammlung wurde der Jugendausschuss neu gew\u00e4hlt, da die bisherigen Mitglieder bereits altersbedingt in die Einsatzabteilung wechselten.<\/p>\n\n\n\n<figure class=\"wp-block-gallery has-nested-images columns-default is-cropped wp-block-gallery-1 is-layout-flex wp-block-gallery-is-layout-flex\">\n<figure class=\"wp-block-image size-large\"><img loading=\"lazy\" decoding=\"async\" width=\"1024\" height=\"576\" data-id=\"944\" src=\"https:\/\/www.feuerwehr-riedrode.de\/wordpress\/wp-content\/uploads\/2023\/02\/20230223_191558-1024x576.jpg\" alt=\"\" class=\"wp-image-944\" srcset=\"https:\/\/www.feuerwehr-riedrode.de\/wordpress\/wp-content\/uploads\/2023\/02\/20230223_191558-1024x576.jpg 1024w, https:\/\/www.feuerwehr-riedrode.de\/wordpress\/wp-content\/uploads\/2023\/02\/20230223_191558-300x169.jpg 300w, https:\/\/www.feuerwehr-riedrode.de\/wordpress\/wp-content\/uploads\/2023\/02\/20230223_191558-768x432.jpg 768w, https:\/\/www.feuerwehr-riedrode.de\/wordpress\/wp-content\/uploads\/2023\/02\/20230223_191558-1536x864.jpg 1536w, https:\/\/www.feuerwehr-riedrode.de\/wordpress\/wp-content\/uploads\/2023\/02\/20230223_191558-2048x1152.jpg 2048w, https:\/\/www.feuerwehr-riedrode.de\/wordpress\/wp-content\/uploads\/2023\/02\/20230223_191558-320x180.jpg 320w, https:\/\/www.feuerwehr-riedrode.de\/wordpress\/wp-content\/uploads\/2023\/02\/20230223_191558-480x270.jpg 480w, https:\/\/www.feuerwehr-riedrode.de\/wordpress\/wp-content\/uploads\/2023\/02\/20230223_191558-800x450.jpg 800w\" sizes=\"auto, (max-width: 1024px) 100vw, 1024px\" \/><\/figure>\n\n\n\n<figure class=\"wp-block-image size-large\"><img loading=\"lazy\" decoding=\"async\" width=\"1024\" height=\"576\" data-id=\"945\" src=\"https:\/\/www.feuerwehr-riedrode.de\/wordpress\/wp-content\/uploads\/2023\/02\/20230223_191646-1024x576.jpg\" alt=\"\" class=\"wp-image-945\" srcset=\"https:\/\/www.feuerwehr-riedrode.de\/wordpress\/wp-content\/uploads\/2023\/02\/20230223_191646-1024x576.jpg 1024w, https:\/\/www.feuerwehr-riedrode.de\/wordpress\/wp-content\/uploads\/2023\/02\/20230223_191646-300x169.jpg 300w, https:\/\/www.feuerwehr-riedrode.de\/wordpress\/wp-content\/uploads\/2023\/02\/20230223_191646-768x432.jpg 768w, https:\/\/www.feuerwehr-riedrode.de\/wordpress\/wp-content\/uploads\/2023\/02\/20230223_191646-1536x864.jpg 1536w, https:\/\/www.feuerwehr-riedrode.de\/wordpress\/wp-content\/uploads\/2023\/02\/20230223_191646-2048x1152.jpg 2048w, https:\/\/www.feuerwehr-riedrode.de\/wordpress\/wp-content\/uploads\/2023\/02\/20230223_191646-320x180.jpg 320w, https:\/\/www.feuerwehr-riedrode.de\/wordpress\/wp-content\/uploads\/2023\/02\/20230223_191646-480x270.jpg 480w, https:\/\/www.feuerwehr-riedrode.de\/wordpress\/wp-content\/uploads\/2023\/02\/20230223_191646-800x450.jpg 800w\" sizes=\"auto, (max-width: 1024px) 100vw, 1024px\" \/><\/figure>\n<\/figure>\n\n\n\n<figure class=\"wp-block-image size-full\"><img loading=\"lazy\" decoding=\"async\" width=\"1024\" height=\"768\" src=\"https:\/\/www.feuerwehr-riedrode.de\/wordpress\/wp-content\/uploads\/2023\/02\/IMG-20230223-WA0003-1.jpg\" alt=\"\" class=\"wp-image-948\" srcset=\"https:\/\/www.feuerwehr-riedrode.de\/wordpress\/wp-content\/uploads\/2023\/02\/IMG-20230223-WA0003-1.jpg 1024w, https:\/\/www.feuerwehr-riedrode.de\/wordpress\/wp-content\/uploads\/2023\/02\/IMG-20230223-WA0003-1-300x225.jpg 300w, https:\/\/www.feuerwehr-riedrode.de\/wordpress\/wp-content\/uploads\/2023\/02\/IMG-20230223-WA0003-1-768x576.jpg 768w, https:\/\/www.feuerwehr-riedrode.de\/wordpress\/wp-content\/uploads\/2023\/02\/IMG-20230223-WA0003-1-320x240.jpg 320w, https:\/\/www.feuerwehr-riedrode.de\/wordpress\/wp-content\/uploads\/2023\/02\/IMG-20230223-WA0003-1-480x360.jpg 480w, https:\/\/www.feuerwehr-riedrode.de\/wordpress\/wp-content\/uploads\/2023\/02\/IMG-20230223-WA0003-1-800x600.jpg 800w\" sizes=\"auto, (max-width: 1024px) 100vw, 1024px\" \/><\/figure>\n","protected":false},"excerpt":{"rendered":"<p>Zur Jahreshauptversammlung der Jugendfeuerwehr Riedrode konnten wir zahlreiche G\u00e4ste begr\u00fc\u00dfen. Darunter Eltern der Jugendlichen, Vertreter aus Verwaltung, Politik und Feuerwehr sowie Mitglieder der Einsatzabteilung und der Alters- &amp; Ehrenabteilung. In seinem Bericht ging Jugendwart Benjamin Eichhorn auf alle Aktivit\u00e4ten und Ereignisse des vergangenen Jahres ein. Abschlie\u00dfend dankte er allen Unterst\u00fctzern. Im Rahmen der Versammlung wurde &#8230; <a title=\"Jahreshauptversammlung der Jugendfeuerwehr\" class=\"read-more\" href=\"https:\/\/www.feuerwehr-riedrode.de\/wordpress\/2023\/02\/24\/jahreshauptversammlung-der-jugendfeuerwehr\/\" aria-label=\"Mehr Informationen \u00fcber Jahreshauptversammlung der Jugendfeuerwehr\">Weiterlesen<\/a><\/p>\n","protected":false},"author":3,"featured_media":0,"comment_status":"closed","ping_status":"closed","sticky":false,"template":"","format":"standard","meta":{"footnotes":""},"categories":[1,5],"tags":[],"class_list":["post-942","post","type-post","status-publish","format-standard","hentry","category-allgemein","category-informationen"],"_links":{"self":[{"href":"https:\/\/www.feuerwehr-riedrode.de\/wordpress\/wp-json\/wp\/v2\/posts\/942","targetHints":{"allow":["GET"]}}],"collection":[{"href":"https:\/\/www.feuerwehr-riedrode.de\/wordpress\/wp-json\/wp\/v2\/posts"}],"about":[{"href":"https:\/\/www.feuerwehr-riedrode.de\/wordpress\/wp-json\/wp\/v2\/types\/post"}],"author":[{"embeddable":true,"href":"https:\/\/www.feuerwehr-riedrode.de\/wordpress\/wp-json\/wp\/v2\/users\/3"}],"replies":[{"embeddable":true,"href":"https:\/\/www.feuerwehr-riedrode.de\/wordpress\/wp-json\/wp\/v2\/comments?post=942"}],"version-history":[{"count":2,"href":"https:\/\/www.feuerwehr-riedrode.de\/wordpress\/wp-json\/wp\/v2\/posts\/942\/revisions"}],"predecessor-version":[{"id":949,"href":"https:\/\/www.feuerwehr-riedrode.de\/wordpress\/wp-json\/wp\/v2\/posts\/942\/revisions\/949"}],"wp:attachment":[{"href":"https:\/\/www.feuerwehr-riedrode.de\/wordpress\/wp-json\/wp\/v2\/media?parent=942"}],"wp:term":[{"taxonomy":"category","embeddable":true,"href":"https:\/\/www.feuerwehr-riedrode.de\/wordpress\/wp-json\/wp\/v2\/categories?post=942"},{"taxonomy":"post_tag","embeddable":true,"href":"https:\/\/www.feuerwehr-riedrode.de\/wordpress\/wp-json\/wp\/v2\/tags?post=942"}],"curies":[{"name":"wp","href":"https:\/\/api.w.org\/{rel}","templated":true}]}}