{"id":653,"date":"2019-09-15T10:47:55","date_gmt":"2019-09-15T08:47:55","guid":{"rendered":"http:\/\/www.feuerwehr-riedrode.de\/wordpress\/?p=653"},"modified":"2019-09-15T10:49:25","modified_gmt":"2019-09-15T08:49:25","slug":"florian-buerstadt-3-59-1-offiziell-in-dienst-gestellt-neues-mehrzweckfahrzeug-der-feuerwehr-riedrode-feierlich-uebergeben","status":"publish","type":"post","link":"https:\/\/www.feuerwehr-riedrode.de\/wordpress\/2019\/09\/15\/florian-buerstadt-3-59-1-offiziell-in-dienst-gestellt-neues-mehrzweckfahrzeug-der-feuerwehr-riedrode-feierlich-uebergeben\/","title":{"rendered":"\u201cFlorian B\u00fcrstadt 3\/59-1\u201c offiziell in Dienst gestellt: neues Mehrzweckfahrzeug der Feuerwehr Riedrode feierlich \u00fcbergeben"},"content":{"rendered":"\n<p>Am gestrigen Samstag konnten wir bei bestem Wetter zahlreiche G\u00e4ste in unserem Feuerwehrhaus willkommen hei\u00dfen. Anlass der Feierlichkeit war die offizielle \u00dcbergabe unseres neuen MZF. Dank zahlreicher G\u00e4ste aus Verwaltung, Politik, Kirche, Feuerwehr- und Vereinsleben erlebten wir eine gelungene Veranstaltung. Von unserer Seite waren wir selbstverst\u00e4ndlich mit unserer Einsatzabteilung, der Alters- und Ehrenabteilung, sowie der Jugend- und Kinderfeuerwehr \u201cFirekids\u201c vertreten. <\/p>\n\n\n\n<p>Das 7 t schwere Mehrzweckfahrzeug mit dem Funkrufnamen \u201cFlorian B\u00fcrstadt 3\/59-1\u201c wird uns und den B\u00fcrgern in den kommenden Jahren gute Dienste leisten. Wir bedanken uns nochmals recht herzlich bei allen Beteiligten, die von der Planung bis zur Indienststellung zum guten Gelingen beigetragen haben. <\/p>\n\n\n\n<p>Wer mehr \u00fcber das neue Fahrzeug oder unsere Feuerwehr erfahren m\u00f6chte, ist jeden Montag um 19:45 Uhr herzlich in\u2019s Feuerwehrhaus eingeladen.<\/p>\n\n\n\n<div class=\"wp-block-image\"><figure class=\"alignleft\"><img loading=\"lazy\" decoding=\"async\" width=\"1024\" height=\"682\" src=\"https:\/\/www.feuerwehr-riedrode.de\/wordpress\/wp-content\/uploads\/2019\/09\/02-1024x682.jpg\" alt=\"\" class=\"wp-image-656\" srcset=\"https:\/\/www.feuerwehr-riedrode.de\/wordpress\/wp-content\/uploads\/2019\/09\/02-1024x682.jpg 1024w, https:\/\/www.feuerwehr-riedrode.de\/wordpress\/wp-content\/uploads\/2019\/09\/02-300x200.jpg 300w, https:\/\/www.feuerwehr-riedrode.de\/wordpress\/wp-content\/uploads\/2019\/09\/02-768x512.jpg 768w, https:\/\/www.feuerwehr-riedrode.de\/wordpress\/wp-content\/uploads\/2019\/09\/02.jpg 2000w\" sizes=\"auto, (max-width: 1024px) 100vw, 1024px\" \/><\/figure><\/div>\n\n\n\n<figure class=\"wp-block-image\"><img loading=\"lazy\" decoding=\"async\" width=\"1024\" height=\"682\" src=\"https:\/\/www.feuerwehr-riedrode.de\/wordpress\/wp-content\/uploads\/2019\/09\/03-1024x682.jpg\" alt=\"\" class=\"wp-image-657\" srcset=\"https:\/\/www.feuerwehr-riedrode.de\/wordpress\/wp-content\/uploads\/2019\/09\/03-1024x682.jpg 1024w, https:\/\/www.feuerwehr-riedrode.de\/wordpress\/wp-content\/uploads\/2019\/09\/03-300x200.jpg 300w, https:\/\/www.feuerwehr-riedrode.de\/wordpress\/wp-content\/uploads\/2019\/09\/03-768x512.jpg 768w, https:\/\/www.feuerwehr-riedrode.de\/wordpress\/wp-content\/uploads\/2019\/09\/03.jpg 2000w\" sizes=\"auto, (max-width: 1024px) 100vw, 1024px\" \/><\/figure>\n","protected":false},"excerpt":{"rendered":"<p>Am gestrigen Samstag konnten wir bei bestem Wetter zahlreiche G\u00e4ste in unserem Feuerwehrhaus willkommen hei\u00dfen. Anlass der Feierlichkeit war die offizielle \u00dcbergabe unseres neuen MZF. Dank zahlreicher G\u00e4ste aus Verwaltung, Politik, Kirche, Feuerwehr- und Vereinsleben erlebten wir eine gelungene Veranstaltung. Von unserer Seite waren wir selbstverst\u00e4ndlich mit unserer Einsatzabteilung, der Alters- und Ehrenabteilung, sowie der &#8230; <a title=\"\u201cFlorian B\u00fcrstadt 3\/59-1\u201c offiziell in Dienst gestellt: neues Mehrzweckfahrzeug der Feuerwehr Riedrode feierlich \u00fcbergeben\" class=\"read-more\" href=\"https:\/\/www.feuerwehr-riedrode.de\/wordpress\/2019\/09\/15\/florian-buerstadt-3-59-1-offiziell-in-dienst-gestellt-neues-mehrzweckfahrzeug-der-feuerwehr-riedrode-feierlich-uebergeben\/\" aria-label=\"Mehr Informationen \u00fcber \u201cFlorian B\u00fcrstadt 3\/59-1\u201c offiziell in Dienst gestellt: neues Mehrzweckfahrzeug der Feuerwehr Riedrode feierlich \u00fcbergeben\">Weiterlesen<\/a><\/p>\n","protected":false},"author":3,"featured_media":654,"comment_status":"closed","ping_status":"closed","sticky":false,"template":"","format":"standard","meta":{"footnotes":""},"categories":[1,5],"tags":[],"class_list":["post-653","post","type-post","status-publish","format-standard","has-post-thumbnail","hentry","category-allgemein","category-informationen"],"_links":{"self":[{"href":"https:\/\/www.feuerwehr-riedrode.de\/wordpress\/wp-json\/wp\/v2\/posts\/653","targetHints":{"allow":["GET"]}}],"collection":[{"href":"https:\/\/www.feuerwehr-riedrode.de\/wordpress\/wp-json\/wp\/v2\/posts"}],"about":[{"href":"https:\/\/www.feuerwehr-riedrode.de\/wordpress\/wp-json\/wp\/v2\/types\/post"}],"author":[{"embeddable":true,"href":"https:\/\/www.feuerwehr-riedrode.de\/wordpress\/wp-json\/wp\/v2\/users\/3"}],"replies":[{"embeddable":true,"href":"https:\/\/www.feuerwehr-riedrode.de\/wordpress\/wp-json\/wp\/v2\/comments?post=653"}],"version-history":[{"count":3,"href":"https:\/\/www.feuerwehr-riedrode.de\/wordpress\/wp-json\/wp\/v2\/posts\/653\/revisions"}],"predecessor-version":[{"id":659,"href":"https:\/\/www.feuerwehr-riedrode.de\/wordpress\/wp-json\/wp\/v2\/posts\/653\/revisions\/659"}],"wp:featuredmedia":[{"embeddable":true,"href":"https:\/\/www.feuerwehr-riedrode.de\/wordpress\/wp-json\/wp\/v2\/media\/654"}],"wp:attachment":[{"href":"https:\/\/www.feuerwehr-riedrode.de\/wordpress\/wp-json\/wp\/v2\/media?parent=653"}],"wp:term":[{"taxonomy":"category","embeddable":true,"href":"https:\/\/www.feuerwehr-riedrode.de\/wordpress\/wp-json\/wp\/v2\/categories?post=653"},{"taxonomy":"post_tag","embeddable":true,"href":"https:\/\/www.feuerwehr-riedrode.de\/wordpress\/wp-json\/wp\/v2\/tags?post=653"}],"curies":[{"name":"wp","href":"https:\/\/api.w.org\/{rel}","templated":true}]}}