{"id":513,"date":"2019-03-10T18:05:31","date_gmt":"2019-03-10T17:05:31","guid":{"rendered":"http:\/\/www.feuerwehr-riedrode.de\/wordpress\/?p=513"},"modified":"2019-03-10T18:59:50","modified_gmt":"2019-03-10T17:59:50","slug":"turnusgemaesse-neuwahlen-und-zahlreiche-ehrungen","status":"publish","type":"post","link":"https:\/\/www.feuerwehr-riedrode.de\/wordpress\/2019\/03\/10\/turnusgemaesse-neuwahlen-und-zahlreiche-ehrungen\/","title":{"rendered":"Turnusgem\u00e4\u00dfe Neuwahlen und zahlreiche Ehrungen"},"content":{"rendered":"\n<p>Bei unserer gestrigen Jahreshaupt- und Mitgliederversammlung konnten wir zahlreiche G\u00e4ste aus Politik, Verwaltung und dem Feuerwehrwesen bei uns im Feuerwehrhaus in Riedrode begr\u00fc\u00dfen.  <\/p>\n\n\n\n<p>Erg\u00e4nzend zu den ausf\u00fchrlichen Berichten aller Abteilungen standen  neben Neuwahlen des Wehrausschuss sowie des Vereinsvorstands auch  zahlreiche Ehrungen sowie \u00dcbernahmen von Jugendfeuerwehrmitgliedern in  die Einsatzabteilung auf der Tagesordnung.<\/p>\n\n\n\n<p> Wir gratulieren allen Geehrten sowie den gew\u00e4hlten Funktionstr\u00e4gern zu Ihren \u00c4mtern! <\/p>\n\n\n\n<p><strong>Wehrausschuss<\/strong><br>Wehrf\u00fchrer: Sascha Brutscher<br>Stellv. Wehrf\u00fchrer: J\u00f6rg Bechtold<br>Beisitzer: Andreas Gussmann, Markus Gerhard, Maximilian Molitor<br>Vertreter A+E-Abteilung: Edgar Wilker<br>Jugendwart: Tobias Helwerth<\/p>\n\n\n\n<p> <strong>Vereinsvorstand<\/strong><br> Vorsitzender: Sven Brutscher<br> Stellv. Vorsitzender: Uwe Zinnel<br> Kassenverwalter: Nicole Eberle<br> Schriftf\u00fchrer: Thorsten Reski<br> Pressewart: Sandra Gerhard<br> Beisitzer: Stephan Thomas, Andreas Gussmann<br> Jugendwart: Tobias Helwerth<br> Leiterin der Kinderfeuerwehr &#8222;Firekids&#8220;: Britta Rennert <\/p>\n","protected":false},"excerpt":{"rendered":"<p>Bei unserer gestrigen Jahreshaupt- und Mitgliederversammlung konnten wir zahlreiche G\u00e4ste aus Politik, Verwaltung und dem Feuerwehrwesen bei uns im Feuerwehrhaus in Riedrode begr\u00fc\u00dfen. Erg\u00e4nzend zu den ausf\u00fchrlichen Berichten aller Abteilungen standen neben Neuwahlen des Wehrausschuss sowie des Vereinsvorstands auch zahlreiche Ehrungen sowie \u00dcbernahmen von Jugendfeuerwehrmitgliedern in die Einsatzabteilung auf der Tagesordnung. Wir gratulieren allen Geehrten &#8230; <a title=\"Turnusgem\u00e4\u00dfe Neuwahlen und zahlreiche Ehrungen\" class=\"read-more\" href=\"https:\/\/www.feuerwehr-riedrode.de\/wordpress\/2019\/03\/10\/turnusgemaesse-neuwahlen-und-zahlreiche-ehrungen\/\" aria-label=\"Mehr Informationen \u00fcber Turnusgem\u00e4\u00dfe Neuwahlen und zahlreiche Ehrungen\">Weiterlesen<\/a><\/p>\n","protected":false},"author":3,"featured_media":514,"comment_status":"closed","ping_status":"closed","sticky":false,"template":"","format":"standard","meta":{"footnotes":""},"categories":[1,5],"tags":[],"class_list":["post-513","post","type-post","status-publish","format-standard","has-post-thumbnail","hentry","category-allgemein","category-informationen"],"_links":{"self":[{"href":"https:\/\/www.feuerwehr-riedrode.de\/wordpress\/wp-json\/wp\/v2\/posts\/513","targetHints":{"allow":["GET"]}}],"collection":[{"href":"https:\/\/www.feuerwehr-riedrode.de\/wordpress\/wp-json\/wp\/v2\/posts"}],"about":[{"href":"https:\/\/www.feuerwehr-riedrode.de\/wordpress\/wp-json\/wp\/v2\/types\/post"}],"author":[{"embeddable":true,"href":"https:\/\/www.feuerwehr-riedrode.de\/wordpress\/wp-json\/wp\/v2\/users\/3"}],"replies":[{"embeddable":true,"href":"https:\/\/www.feuerwehr-riedrode.de\/wordpress\/wp-json\/wp\/v2\/comments?post=513"}],"version-history":[{"count":2,"href":"https:\/\/www.feuerwehr-riedrode.de\/wordpress\/wp-json\/wp\/v2\/posts\/513\/revisions"}],"predecessor-version":[{"id":517,"href":"https:\/\/www.feuerwehr-riedrode.de\/wordpress\/wp-json\/wp\/v2\/posts\/513\/revisions\/517"}],"wp:featuredmedia":[{"embeddable":true,"href":"https:\/\/www.feuerwehr-riedrode.de\/wordpress\/wp-json\/wp\/v2\/media\/514"}],"wp:attachment":[{"href":"https:\/\/www.feuerwehr-riedrode.de\/wordpress\/wp-json\/wp\/v2\/media?parent=513"}],"wp:term":[{"taxonomy":"category","embeddable":true,"href":"https:\/\/www.feuerwehr-riedrode.de\/wordpress\/wp-json\/wp\/v2\/categories?post=513"},{"taxonomy":"post_tag","embeddable":true,"href":"https:\/\/www.feuerwehr-riedrode.de\/wordpress\/wp-json\/wp\/v2\/tags?post=513"}],"curies":[{"name":"wp","href":"https:\/\/api.w.org\/{rel}","templated":true}]}}