{"id":443,"date":"2018-08-26T21:41:00","date_gmt":"2018-08-26T19:41:00","guid":{"rendered":"http:\/\/www.feuerwehr-riedrode.de\/wordpress\/?p=443"},"modified":"2018-08-26T21:41:00","modified_gmt":"2018-08-26T19:41:00","slug":"akademische-feier-anlaesslich-des-25-jaehrigen-bestehens-der-jugendfeuerwehr-riedrode","status":"publish","type":"post","link":"https:\/\/www.feuerwehr-riedrode.de\/wordpress\/2018\/08\/26\/akademische-feier-anlaesslich-des-25-jaehrigen-bestehens-der-jugendfeuerwehr-riedrode\/","title":{"rendered":"Akademische Feier anl\u00e4sslich des 25-j\u00e4hrigen Bestehens der Jugendfeuerwehr Riedrode"},"content":{"rendered":"<p>Neben vielen G\u00e4sten aus Politik und den umliegenden Feuerwehren waren am Samstagabend vor allem die Gr\u00fcndungsmitglieder der Jugendfeuerwehr Riedrode unserer Einladung gefolgt und verbrachten einen sch\u00f6nen Abend im Festzelt am Feuerwehrhaus. Zahlreiche Gru\u00dfworte, eine kleine Zeitreise durch die vergangenen 25 Jahre sowie Ehrungen rundeten den offiziellen Festakt ab. Im Anschluss feierten wir gemeinsam in gem\u00fctlicher Atmosph\u00e4re bis in die fr\u00fchen Morgenstunden. #jugendfeuerwehrriedrode #feuerwehrriedrode #25jahrejugendfeuerwehrriedrode #jugendfeuerwehr #feuerwehr #riedrode #freiwillig #ehrenamt &#8211; Fotos: Robert H\u00f6rner<\/p>\n<p><a href=\"https:\/\/www.feuerwehr-riedrode.de\/wordpress\/wp-content\/uploads\/2018\/08\/Bild-_MG_2309.jpg\" target=\"_blank\" rel=\"noopener\"><img loading=\"lazy\" decoding=\"async\" class=\"alignnone wp-image-445 size-medium\" src=\"https:\/\/www.feuerwehr-riedrode.de\/wordpress\/wp-content\/uploads\/2018\/08\/Bild-_MG_2309-300x195.jpg\" alt=\"\" width=\"300\" height=\"195\" srcset=\"https:\/\/www.feuerwehr-riedrode.de\/wordpress\/wp-content\/uploads\/2018\/08\/Bild-_MG_2309-300x195.jpg 300w, https:\/\/www.feuerwehr-riedrode.de\/wordpress\/wp-content\/uploads\/2018\/08\/Bild-_MG_2309-768x498.jpg 768w, https:\/\/www.feuerwehr-riedrode.de\/wordpress\/wp-content\/uploads\/2018\/08\/Bild-_MG_2309.jpg 1024w\" sizes=\"auto, (max-width: 300px) 100vw, 300px\" \/><\/a>\u00a0 <a href=\"https:\/\/www.feuerwehr-riedrode.de\/wordpress\/wp-content\/uploads\/2018\/08\/Bild-_MG_2266.jpg\" target=\"_blank\" rel=\"noopener\"><img loading=\"lazy\" decoding=\"async\" class=\"alignnone wp-image-446 size-medium\" src=\"https:\/\/www.feuerwehr-riedrode.de\/wordpress\/wp-content\/uploads\/2018\/08\/Bild-_MG_2266-300x196.jpg\" alt=\"\" width=\"300\" height=\"196\" srcset=\"https:\/\/www.feuerwehr-riedrode.de\/wordpress\/wp-content\/uploads\/2018\/08\/Bild-_MG_2266-300x196.jpg 300w, https:\/\/www.feuerwehr-riedrode.de\/wordpress\/wp-content\/uploads\/2018\/08\/Bild-_MG_2266-768x501.jpg 768w, https:\/\/www.feuerwehr-riedrode.de\/wordpress\/wp-content\/uploads\/2018\/08\/Bild-_MG_2266.jpg 1024w\" sizes=\"auto, (max-width: 300px) 100vw, 300px\" \/><\/a><\/p>\n<p><a href=\"https:\/\/www.feuerwehr-riedrode.de\/wordpress\/wp-content\/uploads\/2018\/08\/Bild-_MG_2313.jpg\" target=\"_blank\" rel=\"noopener\"><img loading=\"lazy\" decoding=\"async\" class=\"alignnone wp-image-447 size-medium\" src=\"https:\/\/www.feuerwehr-riedrode.de\/wordpress\/wp-content\/uploads\/2018\/08\/Bild-_MG_2313-300x200.jpg\" alt=\"\" width=\"300\" height=\"200\" srcset=\"https:\/\/www.feuerwehr-riedrode.de\/wordpress\/wp-content\/uploads\/2018\/08\/Bild-_MG_2313-300x200.jpg 300w, https:\/\/www.feuerwehr-riedrode.de\/wordpress\/wp-content\/uploads\/2018\/08\/Bild-_MG_2313-768x513.jpg 768w, https:\/\/www.feuerwehr-riedrode.de\/wordpress\/wp-content\/uploads\/2018\/08\/Bild-_MG_2313.jpg 1024w\" sizes=\"auto, (max-width: 300px) 100vw, 300px\" \/><\/a>\u00a0 <a href=\"https:\/\/www.feuerwehr-riedrode.de\/wordpress\/wp-content\/uploads\/2018\/08\/Bild-_MG_2316.jpg\" target=\"_blank\" rel=\"noopener\"><img loading=\"lazy\" decoding=\"async\" class=\"alignnone wp-image-448 size-medium\" src=\"https:\/\/www.feuerwehr-riedrode.de\/wordpress\/wp-content\/uploads\/2018\/08\/Bild-_MG_2316-300x192.jpg\" alt=\"\" width=\"300\" height=\"192\" srcset=\"https:\/\/www.feuerwehr-riedrode.de\/wordpress\/wp-content\/uploads\/2018\/08\/Bild-_MG_2316-300x192.jpg 300w, https:\/\/www.feuerwehr-riedrode.de\/wordpress\/wp-content\/uploads\/2018\/08\/Bild-_MG_2316-768x491.jpg 768w, https:\/\/www.feuerwehr-riedrode.de\/wordpress\/wp-content\/uploads\/2018\/08\/Bild-_MG_2316.jpg 1024w\" sizes=\"auto, (max-width: 300px) 100vw, 300px\" \/><\/a><\/p>\n","protected":false},"excerpt":{"rendered":"<p>Neben vielen G\u00e4sten aus Politik und den umliegenden Feuerwehren waren am Samstagabend vor allem die Gr\u00fcndungsmitglieder der Jugendfeuerwehr Riedrode unserer Einladung gefolgt und verbrachten einen sch\u00f6nen Abend im Festzelt am Feuerwehrhaus. Zahlreiche Gru\u00dfworte, eine kleine Zeitreise durch die vergangenen 25 Jahre sowie Ehrungen rundeten den offiziellen Festakt ab. Im Anschluss feierten wir gemeinsam in gem\u00fctlicher &#8230; <a title=\"Akademische Feier anl\u00e4sslich des 25-j\u00e4hrigen Bestehens der Jugendfeuerwehr Riedrode\" class=\"read-more\" href=\"https:\/\/www.feuerwehr-riedrode.de\/wordpress\/2018\/08\/26\/akademische-feier-anlaesslich-des-25-jaehrigen-bestehens-der-jugendfeuerwehr-riedrode\/\" aria-label=\"Mehr Informationen \u00fcber Akademische Feier anl\u00e4sslich des 25-j\u00e4hrigen Bestehens der Jugendfeuerwehr Riedrode\">Weiterlesen<\/a><\/p>\n","protected":false},"author":3,"featured_media":444,"comment_status":"closed","ping_status":"closed","sticky":false,"template":"","format":"standard","meta":{"footnotes":""},"categories":[1,5],"tags":[],"class_list":["post-443","post","type-post","status-publish","format-standard","has-post-thumbnail","hentry","category-allgemein","category-informationen"],"_links":{"self":[{"href":"https:\/\/www.feuerwehr-riedrode.de\/wordpress\/wp-json\/wp\/v2\/posts\/443","targetHints":{"allow":["GET"]}}],"collection":[{"href":"https:\/\/www.feuerwehr-riedrode.de\/wordpress\/wp-json\/wp\/v2\/posts"}],"about":[{"href":"https:\/\/www.feuerwehr-riedrode.de\/wordpress\/wp-json\/wp\/v2\/types\/post"}],"author":[{"embeddable":true,"href":"https:\/\/www.feuerwehr-riedrode.de\/wordpress\/wp-json\/wp\/v2\/users\/3"}],"replies":[{"embeddable":true,"href":"https:\/\/www.feuerwehr-riedrode.de\/wordpress\/wp-json\/wp\/v2\/comments?post=443"}],"version-history":[{"count":1,"href":"https:\/\/www.feuerwehr-riedrode.de\/wordpress\/wp-json\/wp\/v2\/posts\/443\/revisions"}],"predecessor-version":[{"id":449,"href":"https:\/\/www.feuerwehr-riedrode.de\/wordpress\/wp-json\/wp\/v2\/posts\/443\/revisions\/449"}],"wp:featuredmedia":[{"embeddable":true,"href":"https:\/\/www.feuerwehr-riedrode.de\/wordpress\/wp-json\/wp\/v2\/media\/444"}],"wp:attachment":[{"href":"https:\/\/www.feuerwehr-riedrode.de\/wordpress\/wp-json\/wp\/v2\/media?parent=443"}],"wp:term":[{"taxonomy":"category","embeddable":true,"href":"https:\/\/www.feuerwehr-riedrode.de\/wordpress\/wp-json\/wp\/v2\/categories?post=443"},{"taxonomy":"post_tag","embeddable":true,"href":"https:\/\/www.feuerwehr-riedrode.de\/wordpress\/wp-json\/wp\/v2\/tags?post=443"}],"curies":[{"name":"wp","href":"https:\/\/api.w.org\/{rel}","templated":true}]}}