{"id":1152,"date":"2025-06-11T13:08:45","date_gmt":"2025-06-11T11:08:45","guid":{"rendered":"https:\/\/www.feuerwehr-riedrode.de\/wordpress\/?p=1152"},"modified":"2025-06-11T13:09:18","modified_gmt":"2025-06-11T11:09:18","slug":"herzlichen-dank-fuer-ihren-besuch-beim-tag-der-offenen-tuer","status":"publish","type":"post","link":"https:\/\/www.feuerwehr-riedrode.de\/wordpress\/2025\/06\/11\/herzlichen-dank-fuer-ihren-besuch-beim-tag-der-offenen-tuer\/","title":{"rendered":"Herzlichen Dank f\u00fcr Ihren Besuch beim Tag der offenen T\u00fcr!"},"content":{"rendered":"\n<p>Die Feuerwehr Riedrode bedankt sich ganz herzlich bei allen Besucherinnen und Besuchern, die unseren Tag der offenen T\u00fcr zu einem so sch\u00f6nen und erfolgreichen Ereignis gemacht haben!<\/p>\n\n\n\n<p>Ob gro\u00df oder klein \u2013 wir haben uns sehr \u00fcber das gro\u00dfe Interesse an unserer Arbeit, die vielen netten Gespr\u00e4che und das positive Feedback gefreut. Ein besonderer Dank gilt allen Helferinnen und Helfern, den Kuchenspenderinnen, Unterst\u00fctzern aus der Gemeinde, sowie den Organisationen, die uns begleitet haben.<\/p>\n\n\n\n<figure class=\"wp-block-image size-large\"><img loading=\"lazy\" decoding=\"async\" width=\"1024\" height=\"344\" src=\"https:\/\/www.feuerwehr-riedrode.de\/wordpress\/wp-content\/uploads\/2025\/06\/tdot25_gruppenfoto-1024x344.jpg\" alt=\"\" class=\"wp-image-1153\" srcset=\"https:\/\/www.feuerwehr-riedrode.de\/wordpress\/wp-content\/uploads\/2025\/06\/tdot25_gruppenfoto-1024x344.jpg 1024w, https:\/\/www.feuerwehr-riedrode.de\/wordpress\/wp-content\/uploads\/2025\/06\/tdot25_gruppenfoto-300x101.jpg 300w, https:\/\/www.feuerwehr-riedrode.de\/wordpress\/wp-content\/uploads\/2025\/06\/tdot25_gruppenfoto-768x258.jpg 768w, https:\/\/www.feuerwehr-riedrode.de\/wordpress\/wp-content\/uploads\/2025\/06\/tdot25_gruppenfoto-320x108.jpg 320w, https:\/\/www.feuerwehr-riedrode.de\/wordpress\/wp-content\/uploads\/2025\/06\/tdot25_gruppenfoto-480x161.jpg 480w, https:\/\/www.feuerwehr-riedrode.de\/wordpress\/wp-content\/uploads\/2025\/06\/tdot25_gruppenfoto-800x269.jpg 800w, https:\/\/www.feuerwehr-riedrode.de\/wordpress\/wp-content\/uploads\/2025\/06\/tdot25_gruppenfoto.jpg 1440w\" sizes=\"auto, (max-width: 1024px) 100vw, 1024px\" \/><\/figure>\n\n\n\n<p>Solche Veranstaltungen zeigen, wie wichtig Gemeinschaft und Zusammenhalt sind \u2013 Werte, die auch f\u00fcr unsere Feuerwehr im Mittelpunkt stehen.<\/p>\n\n\n\n<p>Wir freuen uns schon auf ein Wiedersehen \u2013 bleiben Sie gesund und bis n\u00e4chstes Jahr!<\/p>\n\n\n\n<p>Ihre Freiwillige Feuerwehr Riedrode<\/p>\n","protected":false},"excerpt":{"rendered":"<p>Die Feuerwehr Riedrode bedankt sich ganz herzlich bei allen Besucherinnen und Besuchern, die unseren Tag der offenen T\u00fcr zu einem so sch\u00f6nen und erfolgreichen Ereignis gemacht haben! Ob gro\u00df oder klein \u2013 wir haben uns sehr \u00fcber das gro\u00dfe Interesse an unserer Arbeit, die vielen netten Gespr\u00e4che und das positive Feedback gefreut. Ein besonderer Dank &#8230; <a title=\"Herzlichen Dank f\u00fcr Ihren Besuch beim Tag der offenen T\u00fcr!\" class=\"read-more\" href=\"https:\/\/www.feuerwehr-riedrode.de\/wordpress\/2025\/06\/11\/herzlichen-dank-fuer-ihren-besuch-beim-tag-der-offenen-tuer\/\" aria-label=\"Mehr Informationen \u00fcber Herzlichen Dank f\u00fcr Ihren Besuch beim Tag der offenen T\u00fcr!\">Weiterlesen<\/a><\/p>\n","protected":false},"author":3,"featured_media":0,"comment_status":"closed","ping_status":"closed","sticky":false,"template":"","format":"standard","meta":{"footnotes":""},"categories":[1,5],"tags":[],"class_list":["post-1152","post","type-post","status-publish","format-standard","hentry","category-allgemein","category-informationen"],"_links":{"self":[{"href":"https:\/\/www.feuerwehr-riedrode.de\/wordpress\/wp-json\/wp\/v2\/posts\/1152","targetHints":{"allow":["GET"]}}],"collection":[{"href":"https:\/\/www.feuerwehr-riedrode.de\/wordpress\/wp-json\/wp\/v2\/posts"}],"about":[{"href":"https:\/\/www.feuerwehr-riedrode.de\/wordpress\/wp-json\/wp\/v2\/types\/post"}],"author":[{"embeddable":true,"href":"https:\/\/www.feuerwehr-riedrode.de\/wordpress\/wp-json\/wp\/v2\/users\/3"}],"replies":[{"embeddable":true,"href":"https:\/\/www.feuerwehr-riedrode.de\/wordpress\/wp-json\/wp\/v2\/comments?post=1152"}],"version-history":[{"count":2,"href":"https:\/\/www.feuerwehr-riedrode.de\/wordpress\/wp-json\/wp\/v2\/posts\/1152\/revisions"}],"predecessor-version":[{"id":1156,"href":"https:\/\/www.feuerwehr-riedrode.de\/wordpress\/wp-json\/wp\/v2\/posts\/1152\/revisions\/1156"}],"wp:attachment":[{"href":"https:\/\/www.feuerwehr-riedrode.de\/wordpress\/wp-json\/wp\/v2\/media?parent=1152"}],"wp:term":[{"taxonomy":"category","embeddable":true,"href":"https:\/\/www.feuerwehr-riedrode.de\/wordpress\/wp-json\/wp\/v2\/categories?post=1152"},{"taxonomy":"post_tag","embeddable":true,"href":"https:\/\/www.feuerwehr-riedrode.de\/wordpress\/wp-json\/wp\/v2\/tags?post=1152"}],"curies":[{"name":"wp","href":"https:\/\/api.w.org\/{rel}","templated":true}]}}