{"id":1130,"date":"2025-03-10T22:31:21","date_gmt":"2025-03-10T21:31:21","guid":{"rendered":"https:\/\/www.feuerwehr-riedrode.de\/wordpress\/?p=1130"},"modified":"2025-03-10T22:32:11","modified_gmt":"2025-03-10T21:32:11","slug":"jahreshaupt-und-mitgliederversammlung-2025-der-freiwilligen-feuerwehr-riedrode","status":"publish","type":"post","link":"https:\/\/www.feuerwehr-riedrode.de\/wordpress\/2025\/03\/10\/jahreshaupt-und-mitgliederversammlung-2025-der-freiwilligen-feuerwehr-riedrode\/","title":{"rendered":"Jahreshaupt- und Mitgliederversammlung 2025 der Freiwilligen Feuerwehr Riedrode"},"content":{"rendered":"\n<p>Am Samstag, den 08. M\u00e4rz, versammelten sich die Abteilungen und der Verein sowie G\u00e4ste zur diesj\u00e4hrigen Jahreshaupt- und Mitgliederversammlung der Freiwilligen Feuerwehr Riedrode in der Lindenstra\u00dfe 14, um den Berichten \u00fcber das vergangene Jahr zu folgen.<\/p>\n\n\n\n<p>Zu den diesj\u00e4hrigen G\u00e4sten z\u00e4hlten Kameradinnen und Kameraden aus den B\u00fcrst\u00e4dter Wehren B\u00fcrstadt &#8211; Mitte und Bobstadt, der Kreisbrandmeister Uwe Schwara , der stellvertretende Stadtbrandinspektor Manuel Hildebrandt, Boris Wenz, Michael Heidrich sowie weitere Vertreter aus Politik, Verwaltung und Presse.<\/p>\n\n\n\n<p>Nach der Begr\u00fc\u00dfung der Anwesenden bat Wehrf\u00fchrer Sascha Brutscher zun\u00e4chst um Ehrung der Verstorbenen. Im Anschluss verlas Schriftf\u00fchrer Thorsten Reski das Vorjahresprotokoll.<\/p>\n\n\n\n<p>Die vier Abteilungsleiter informierten im Folgenden \u00fcber die Geschehnisse aus 2024.<\/p>\n\n\n\n<p>Wehrf\u00fchrer Sascha Brutscher stellte zun\u00e4chst die St\u00e4rke seiner Mannschaft vor. Bei der Kinderfeuerwehr gab es leider einen R\u00fcckgang von 10 auf 6 Kinder. Die Jugendfeuerwehr freute sich dagegen \u00fcber eine leichte Steigerung von 13 auf 14 Jugendliche und konnte eine Kameradin zur Verst\u00e4rkung der Einsatzabteilung entsenden. Die mit aktuell durchschnittlich 34 Jahren noch immer sehr junge Einsatzabteilung verzeichnete dagegen 26 Kameradinnen und Kameraden. In Summe kommt die Feuerwehr Riedrode somit auf 54 aktive Kr\u00e4fte.<\/p>\n\n\n\n<p>Der Leiter der Jugendfeuerwehr Benjamin Eichhorn zog wie bereits am Donnerstag in der Jahreshauptversammlung der Jugendfeuerwehr eine positive Bilanz und stellte die vielen Aktivit\u00e4ten und \u00dcbungseinheiten der Jugendabteilung dar. Er lobte den starken Zusammenhalt und die Errungenschaften des letzten Jahres wie z.B. den zweiten Platz bei der Winterwanderung in Lampertheim und die erfolgreich absolvierten Leistungsspangen. Er dankte zudem seinem Betreuerteam, bestehend aus Markus Gerhard, Mich\u00e9le Gerhard, Leon Gerhard, Christian Kohl und Claus Wilker, das viele Stunden &#8211; f\u00fcr z. B. \u00dcbungsvorbereitungen und Fortbildungen &#8211; opferte, um die wertvolle Arbeit mit dem Nachwuchs \u00fcberhaupt m\u00f6glich zu machen.<\/p>\n\n\n\n<p>Der Leiter der Kinderfeuerwehr, Leon Gerhard, berichtete \u00fcber das spielerische und altersgerechte N\u00e4herbringen der Grundlagen der Feuerwehrarbeit, das den J\u00fcngsten in einem Mix aus aktiven \u00dcbungen und Teamgeist st\u00e4rkenden Spielen vermittelt wurde. Auch die Firekids nahmen 2024 an zahlreichen Aktivit\u00e4ten teil und unterst\u00fctzten zudem die Einsatzabteilung tatkr\u00e4ftig bei verschiedenen Events.<\/p>\n\n\n\n<p>Der Leiter der Ehren- und Altersabteilung Stephan Thomas fasste die Aktivit\u00e4ten der Kameradinnen und Kameraden a. D. zus\u00e4tzlich zu seinem Wortbeitrag in einer untermalenden Diashow zusammen. Es wurden die zahlreichen gemeinsamen Tagesausfl\u00fcge beschrieben und die Unterst\u00fctzung der anderen Abteilungen dargelegt. Besonders wurde auf das j\u00e4hrliche, gemeinsame Treffen der drei Ehren- und Altersabteilungen der drei B\u00fcrst\u00e4dter Wehren und den allmonatliche Fr\u00fchshoppen f\u00fcr Mitglieder, Freunde und G\u00f6nner hingewiesen.<\/p>\n\n\n\n<p>Beim Bericht zum Stand der Fahrzeuge und Ger\u00e4tschaften war sicherlich die \u00dcbergabe des neuen Mannschaftstransportfahrzeugs (MTF), auf das die Feuerwehr Riedrode deutlich l\u00e4nger warten musste als zun\u00e4chst geplant, das gro\u00dfe Highlight. Das MTF erweist der Feuerwehr Riedrode nun seit Anfang 2024 treue Dienste und wird von allen Abteilungen rege genutzt.<\/p>\n\n\n\n<p>Die private Freizeit, die im vergangenen Jahr von allen Einsatzkr\u00e4ften f\u00fcr Lehrg\u00e4nge, \u00dcbungen und sonstige Ausbildungen geopfert und somit f\u00fcr das Gemeinwohl erbracht wurde, bezifferte Sascha Brutscher auf ca. 2400 Stunden. Aufgrund der Vielzahl an Ausbildungsinhalten wurden einige \u00dcbungseinheiten auch samstags angeboten, um erforderliche Spezialkenntnisse, wie z. B. Anwendung der Messger\u00e4te, Notfalltrainings oder aber auch Deichverteidigung und vieles mehr zu vermitteln.<\/p>\n\n\n\n<p>Zur fachlichen Weiterbildung nahmen die Kameraden an 14 Lehrg\u00e4ngen, 4 Seminaren sowie 15 sonstigen Fortbildungen auf Landes-, Kreis- und Stadtebene mit Erfolg teil.<\/p>\n\n\n\n<p>Die Bilanz der Eins\u00e4tze im Jahr 2024 belief sich auf beachtliche 55 und es wurden zudem 9 Dienste geleistet. Im Vergleich mit der Bilanz des Vorjahres mit insgesamt 60 Eins\u00e4tzen und Diensten, entsprach dies wieder einem leichten Anstieg und macht einmal mehr das hohe Einsatzaufkommen f\u00fcr den kleinen Ortsteil Riedrode deutlich. Die 55 Eins\u00e4tze setzten sich aus 24 Brandeins\u00e4tzen, 18 Hilfeleistungseins\u00e4tzen und 13 Eins\u00e4tzen &#8222;Messeinsatz&#8220; im Rahmen des Messkonzeptes Bergstra\u00dfe zusammen.<\/p>\n\n\n\n<p>Besonders hervorgehoben wurden an dieser Stelle der Dachstuhlbrand in B\u00fcrstadt Anfang 2024, der Brand der Lagerhalle in der G\u00e4rtnersiedlung, der Brand eines LKWs auf der B47, der Brand eines Traktors im Feld zwischen B\u00fcrstadt und Riedrode sowie der Brand in einem Wohnhaus in Riedrode. Gl\u00fccklicherweise kamen bei keinem der 55 Eins\u00e4tze Menschen oder Tiere ernsthaft zu Schaden.<\/p>\n\n\n\n<p>F\u00fcr die Eins\u00e4tze und geleisteten Dienste kamen weitere 750 Stunden zusammen, die von den Einsatzkr\u00e4ften erbracht wurden.<\/p>\n\n\n\n<p>Brutscher schloss den Bericht der Einsatzabteilung mit etlichen Danksagungen und den Worten: \u201eUnsere Freizeit f\u00fcr Ihre Sicherheit\u201c.<\/p>\n\n\n\n<p>Im Anschluss er\u00f6ffnete die Vereinsvorsitzende <a href=\"https:\/\/www.facebook.com\/profile.php?id=100005292976641&amp;__cft__%5b0%5d=AZVNhulXhsPTug10ZVkjrIi1WW-CkH0tSdR3spZZcJ9lTt_1mVD1qrG3dVGr_0yr90_QEJv25a6bxITB4XAZ08eLfIRRkgfq_zR0fH9ydWGyxvYukSobN9StvSNrtNuSA8HZjSEUXCQ8350-gjxXNr893xb0mGL3zqKlu4a9RdJZRw&amp;__tn__=-%5dK-R\">Nina Ludwig<\/a> die Mitgliederversammlung und informierte die Anwesenden mit dem Bericht des vergangenen Jahres. Thorsten Reski verlie\u00df in seiner T\u00e4tigkeit als Schriftf\u00fchrer die Protokolle des Vorjahres und der Kassenwart Claus Wilker verlas den Bericht des Kassenverwalters. Die einwandfreie Kassenf\u00fchrung wurde im Anschluss durch die Kassenpr\u00fcfer best\u00e4tigt.<\/p>\n\n\n\n<p>Au\u00dferdem stand eine Neubesetzung eines Kassenpr\u00fcfers an. Von den beiden vorgeschlagenen Kandidaten Nicole Eberle und Mario Kolb, bekam Nicole Eberle die Mehrheit der Stimmen und nahm die Wahl an.<\/p>\n\n\n\n<figure class=\"wp-block-image size-large\"><img loading=\"lazy\" decoding=\"async\" width=\"1024\" height=\"768\" src=\"https:\/\/www.feuerwehr-riedrode.de\/wordpress\/wp-content\/uploads\/2025\/03\/JHV-2025-1024x768.jpg\" alt=\"\" class=\"wp-image-1131\" srcset=\"https:\/\/www.feuerwehr-riedrode.de\/wordpress\/wp-content\/uploads\/2025\/03\/JHV-2025-1024x768.jpg 1024w, https:\/\/www.feuerwehr-riedrode.de\/wordpress\/wp-content\/uploads\/2025\/03\/JHV-2025-300x225.jpg 300w, https:\/\/www.feuerwehr-riedrode.de\/wordpress\/wp-content\/uploads\/2025\/03\/JHV-2025-768x576.jpg 768w, https:\/\/www.feuerwehr-riedrode.de\/wordpress\/wp-content\/uploads\/2025\/03\/JHV-2025-1536x1152.jpg 1536w, https:\/\/www.feuerwehr-riedrode.de\/wordpress\/wp-content\/uploads\/2025\/03\/JHV-2025-320x240.jpg 320w, https:\/\/www.feuerwehr-riedrode.de\/wordpress\/wp-content\/uploads\/2025\/03\/JHV-2025-480x360.jpg 480w, https:\/\/www.feuerwehr-riedrode.de\/wordpress\/wp-content\/uploads\/2025\/03\/JHV-2025-800x600.jpg 800w, https:\/\/www.feuerwehr-riedrode.de\/wordpress\/wp-content\/uploads\/2025\/03\/JHV-2025.jpg 2048w\" sizes=\"auto, (max-width: 1024px) 100vw, 1024px\" \/><\/figure>\n\n\n\n<p>Auch dieses Jahr wurden einige Bef\u00f6rderungen und Ehrungen f\u00fcr besondere Dienste vom stellvertretenden Wehrf\u00fchrer Silas Reinig, der Vereinsvorsitzenden Nina Ludwig und Kreisbrandmeister Uwe Schwara ausgesprochen.<\/p>\n\n\n\n<p>Bef\u00f6rdert wurden in diesem Jahr:<\/p>\n\n\n\n<p>\u00b7 Feuerwehrmann\/Feuerwehrfrau \u2013 Lilly Zierg\u00f6bel, Romy Gerhard und Christoph Vonderheid<\/p>\n\n\n\n<p>\u00b7 Oberfeuerwehrmann \u2013 Jannis Ruhl, Leon Gerhard und Jonathan Fabrizius<\/p>\n\n\n\n<p>Geehrt wurden in diesem Jahr:<\/p>\n\n\n\n<p>\u00b7 Goldene Ehrennadel und \u00dcbertritt in die Ehren- und Altersabteilung: Peter Brutscher<\/p>\n\n\n\n<p>\u00b7 10 Jahre Mitgliedschaft: Martin Buschbeck, Sandra Buschmann, Carmen Werz und Kirstin Garb.<\/p>\n\n\n\n<p>\u00b7 25 Jahre Mitgliedschaft: J\u00fcrgen Arz<\/p>\n\n\n\n<p>\u00b7 50 Jahre Mitgliedschaft: Richard Eberle<\/p>\n\n\n\n<p>\u00b7 60 Jahre Mitgliedschaft: Gerhard Breitwieser<\/p>\n\n\n\n<p>Wortbeitr\u00e4ge gab es in diesem Jahr von Magistratsmitglied Roland Weitz, der allen Kameradinnen und Kameraden seinen Dank f\u00fcr die gro\u00dfe, ehrenamtliche Leistung aussprach, und dem stellvertretenden Stadtbrandinspektor Manuel Hildebrandt, der sich bei den Kameradinnen und Kameraden f\u00fcr die gro\u00dfe Leistungsbereitschaft und die tolle Zusammenarbeit zwischen den drei Wehren bedankte. Silas Reinig lie\u00df sein erstes Jahr als stellvertretender Wehrf\u00fchrer Revue passieren und bedankte sich trotz des f\u00fcr ihn nicht leichten Starts f\u00fcr das uneingeschr\u00e4nkte Vertrauen der Kameradinnen und Kameraden. Wehrf\u00fchrer Sascha Brutscher hielt zudem eine zus\u00e4tzliche Laudatio zu Ehren seines k\u00fcrzlich in die Ehren- und Altersabteilung \u00fcbergetretenen Vaters Peter Brutscher. <\/p>\n\n\n\n<p>Die Feuerwehr Riedrode bedankt sich vielmals bei allen G\u00e4sten f\u00fcr den gemeinsamen Abend!<\/p>\n","protected":false},"excerpt":{"rendered":"<p>Am Samstag, den 08. M\u00e4rz, versammelten sich die Abteilungen und der Verein sowie G\u00e4ste zur diesj\u00e4hrigen Jahreshaupt- und Mitgliederversammlung der Freiwilligen Feuerwehr Riedrode in der Lindenstra\u00dfe 14, um den Berichten \u00fcber das vergangene Jahr zu folgen. Zu den diesj\u00e4hrigen G\u00e4sten z\u00e4hlten Kameradinnen und Kameraden aus den B\u00fcrst\u00e4dter Wehren B\u00fcrstadt &#8211; Mitte und Bobstadt, der Kreisbrandmeister &#8230; <a title=\"Jahreshaupt- und Mitgliederversammlung 2025 der Freiwilligen Feuerwehr Riedrode\" class=\"read-more\" href=\"https:\/\/www.feuerwehr-riedrode.de\/wordpress\/2025\/03\/10\/jahreshaupt-und-mitgliederversammlung-2025-der-freiwilligen-feuerwehr-riedrode\/\" aria-label=\"Mehr Informationen \u00fcber Jahreshaupt- und Mitgliederversammlung 2025 der Freiwilligen Feuerwehr Riedrode\">Weiterlesen<\/a><\/p>\n","protected":false},"author":3,"featured_media":0,"comment_status":"closed","ping_status":"closed","sticky":false,"template":"","format":"standard","meta":{"footnotes":""},"categories":[1,5],"tags":[],"class_list":["post-1130","post","type-post","status-publish","format-standard","hentry","category-allgemein","category-informationen"],"_links":{"self":[{"href":"https:\/\/www.feuerwehr-riedrode.de\/wordpress\/wp-json\/wp\/v2\/posts\/1130","targetHints":{"allow":["GET"]}}],"collection":[{"href":"https:\/\/www.feuerwehr-riedrode.de\/wordpress\/wp-json\/wp\/v2\/posts"}],"about":[{"href":"https:\/\/www.feuerwehr-riedrode.de\/wordpress\/wp-json\/wp\/v2\/types\/post"}],"author":[{"embeddable":true,"href":"https:\/\/www.feuerwehr-riedrode.de\/wordpress\/wp-json\/wp\/v2\/users\/3"}],"replies":[{"embeddable":true,"href":"https:\/\/www.feuerwehr-riedrode.de\/wordpress\/wp-json\/wp\/v2\/comments?post=1130"}],"version-history":[{"count":2,"href":"https:\/\/www.feuerwehr-riedrode.de\/wordpress\/wp-json\/wp\/v2\/posts\/1130\/revisions"}],"predecessor-version":[{"id":1133,"href":"https:\/\/www.feuerwehr-riedrode.de\/wordpress\/wp-json\/wp\/v2\/posts\/1130\/revisions\/1133"}],"wp:attachment":[{"href":"https:\/\/www.feuerwehr-riedrode.de\/wordpress\/wp-json\/wp\/v2\/media?parent=1130"}],"wp:term":[{"taxonomy":"category","embeddable":true,"href":"https:\/\/www.feuerwehr-riedrode.de\/wordpress\/wp-json\/wp\/v2\/categories?post=1130"},{"taxonomy":"post_tag","embeddable":true,"href":"https:\/\/www.feuerwehr-riedrode.de\/wordpress\/wp-json\/wp\/v2\/tags?post=1130"}],"curies":[{"name":"wp","href":"https:\/\/api.w.org\/{rel}","templated":true}]}}