{"id":1122,"date":"2025-03-09T20:51:12","date_gmt":"2025-03-09T19:51:12","guid":{"rendered":"https:\/\/www.feuerwehr-riedrode.de\/wordpress\/?p=1122"},"modified":"2025-03-09T20:51:12","modified_gmt":"2025-03-09T19:51:12","slug":"jugendfeuerwehr-riedrode-blickt-auf-erfolgreiches-jahr-2024-zurueck","status":"publish","type":"post","link":"https:\/\/www.feuerwehr-riedrode.de\/wordpress\/2025\/03\/09\/jugendfeuerwehr-riedrode-blickt-auf-erfolgreiches-jahr-2024-zurueck\/","title":{"rendered":"Jugendfeuerwehr Riedrode blickt auf erfolgreiches Jahr 2024 zur\u00fcck"},"content":{"rendered":"\n<p>Bei der Jahreshauptversammlung der Jugendfeuerwehr Riedrode am 06.03.2025 wurde den zahlreichen G\u00e4sten, darunter B\u00fcrgermeisterin Barbara Schader und Stadtbrandinspektor Sebastian Kaiser, der Jahresbericht pr\u00e4sentiert. Jugendfeuerwehrwart Benjamin Eichhorn zog eine positive Bilanz und hob das Engagement und die Leidenschaft der jungen Feuerwehrleute hervor. Dabei verwies er auf die hohe Bedeutung der Jugendfeuerwehr als Nachwuchsorganisation der Einsatzabteilung der Freiwilligen Feuerwehr, in der Jugendliche wichtige F\u00e4higkeiten und den Respekt vor anderen erlernen sowie den Zusammenhalt untereinander st\u00e4rken.<\/p>\n\n\n\n<p>Die Jugendfeuerwehr bestand zum Jahresende aus 14 Mitgliedern (2 M\u00e4dchen und 12 Jungen), darunter drei Neuzug\u00e4nge aus der Kinderfeuerwehr. Eine Kameradin wechselte in die Einsatzabteilung. Das Betreuerteam bestand aus dem Jugendwart, dessen Stellvertreter Markus Gerhard und den vier Betreuern Mich\u00e9le Gerhard, Christian Kohl, Leon Gerhard und Claus Wilker. Eichhorn betonte das gro\u00dfe Engagement des Betreuerteams, das endlose Stunden f\u00fcr die Betreuung, den \u00dcbungsvorbereitungen und der Weiterbildung im Kontext Jugendfeuerwehr investierte.<\/p>\n\n\n\n<figure class=\"wp-block-image size-large\"><img loading=\"lazy\" decoding=\"async\" width=\"1024\" height=\"768\" src=\"https:\/\/www.feuerwehr-riedrode.de\/wordpress\/wp-content\/uploads\/2025\/03\/JF_2025-1024x768.jpg\" alt=\"\" class=\"wp-image-1118\" srcset=\"https:\/\/www.feuerwehr-riedrode.de\/wordpress\/wp-content\/uploads\/2025\/03\/JF_2025-1024x768.jpg 1024w, https:\/\/www.feuerwehr-riedrode.de\/wordpress\/wp-content\/uploads\/2025\/03\/JF_2025-300x225.jpg 300w, https:\/\/www.feuerwehr-riedrode.de\/wordpress\/wp-content\/uploads\/2025\/03\/JF_2025-768x576.jpg 768w, https:\/\/www.feuerwehr-riedrode.de\/wordpress\/wp-content\/uploads\/2025\/03\/JF_2025-1536x1152.jpg 1536w, https:\/\/www.feuerwehr-riedrode.de\/wordpress\/wp-content\/uploads\/2025\/03\/JF_2025-320x240.jpg 320w, https:\/\/www.feuerwehr-riedrode.de\/wordpress\/wp-content\/uploads\/2025\/03\/JF_2025-480x360.jpg 480w, https:\/\/www.feuerwehr-riedrode.de\/wordpress\/wp-content\/uploads\/2025\/03\/JF_2025-800x600.jpg 800w, https:\/\/www.feuerwehr-riedrode.de\/wordpress\/wp-content\/uploads\/2025\/03\/JF_2025.jpg 2048w\" sizes=\"auto, (max-width: 1024px) 100vw, 1024px\" \/><\/figure>\n\n\n\n<p>Neben 36 \u00dcbungen sowie 15 Trainingseinheiten zur Leistungsspange, konnten im vergangenen Jahr zudem 5 Ausfl\u00fcge angeboten werden. In den \u00dcbungseinheiten wurden unter anderem Themen wie L\u00f6scheinsatz, Fahrzeugkunde und Gefahren der Einsatzstelle behandelt. Aber auch kleinere Wettk\u00e4mpfe, sportliche Events oder Teambuildingspiele trugen zum Erfolg des vergangenen Ausbildungsjahres bei.<\/p>\n\n\n\n<p>2024 standen auch wieder zahlreiche Freizeitaktivit\u00e4ten auf dem Programm. Besonders hervorgehoben wurde das Kreisjugendfeuerwehrzeltlager in Bensheim, bei dem mehrere Jugendliche erfolgreich die Leistungsspange erwarben, und die Winterwanderung in Lampertheim, bei der das Team einen starken zweiten Platz belegte.<\/p>\n\n\n\n<p>Die Jugendfeuerwehr unterst\u00fctze unter vielen anderen Events den Tag der offenen T\u00fcr, die Aktion Saubere Landschaft und die Christbaumaktion in Riedrode. F\u00fcr den Stadtlauf in B\u00fcrstadt trat die Jugendfeuerwehr in voller \u201eJugenduniform-Montur\u201c an.<\/p>\n\n\n\n<p>Ein besonderer Dank ging an die Betreuer, vor allem an den Stellvertreter Markus Gerhard, die Einsatzabteilung unter der Wehrf\u00fchrung von Sascha Brutscher und Silas Reinig, den Vereinsvorstand, die Vorsitzende Nina Ludwig und Stellvertreter Uwe Zinnel sowie die zahlreichen Unterst\u00fctzer aus Politik, Feuerwehr und Presse.<\/p>\n\n\n\n<p>Mit dem Leitsatz \u201eUnsere Freizeit f\u00fcr Ihre Sicherheit\u201c schloss der Jugendfeuerwehrwart seinen Bericht und blickte optimistisch auf das kommende Jahr. Zum Abschluss r\u00fchrte Eichhorn nochmal die Werbetrommel und hofft im laufenden Jahr auf zahlreiche Neuzug\u00e4nge, um das Team weiter auszubauen und langfristig auch die Einsatzabteilung verst\u00e4rken zu k\u00f6nnen.<\/p>\n","protected":false},"excerpt":{"rendered":"<p>Bei der Jahreshauptversammlung der Jugendfeuerwehr Riedrode am 06.03.2025 wurde den zahlreichen G\u00e4sten, darunter B\u00fcrgermeisterin Barbara Schader und Stadtbrandinspektor Sebastian Kaiser, der Jahresbericht pr\u00e4sentiert. Jugendfeuerwehrwart Benjamin Eichhorn zog eine positive Bilanz und hob das Engagement und die Leidenschaft der jungen Feuerwehrleute hervor. Dabei verwies er auf die hohe Bedeutung der Jugendfeuerwehr als Nachwuchsorganisation der Einsatzabteilung der &#8230; <a title=\"Jugendfeuerwehr Riedrode blickt auf erfolgreiches Jahr 2024 zur\u00fcck\" class=\"read-more\" href=\"https:\/\/www.feuerwehr-riedrode.de\/wordpress\/2025\/03\/09\/jugendfeuerwehr-riedrode-blickt-auf-erfolgreiches-jahr-2024-zurueck\/\" aria-label=\"Mehr Informationen \u00fcber Jugendfeuerwehr Riedrode blickt auf erfolgreiches Jahr 2024 zur\u00fcck\">Weiterlesen<\/a><\/p>\n","protected":false},"author":3,"featured_media":0,"comment_status":"closed","ping_status":"closed","sticky":false,"template":"","format":"standard","meta":{"footnotes":""},"categories":[1,5],"tags":[],"class_list":["post-1122","post","type-post","status-publish","format-standard","hentry","category-allgemein","category-informationen"],"_links":{"self":[{"href":"https:\/\/www.feuerwehr-riedrode.de\/wordpress\/wp-json\/wp\/v2\/posts\/1122","targetHints":{"allow":["GET"]}}],"collection":[{"href":"https:\/\/www.feuerwehr-riedrode.de\/wordpress\/wp-json\/wp\/v2\/posts"}],"about":[{"href":"https:\/\/www.feuerwehr-riedrode.de\/wordpress\/wp-json\/wp\/v2\/types\/post"}],"author":[{"embeddable":true,"href":"https:\/\/www.feuerwehr-riedrode.de\/wordpress\/wp-json\/wp\/v2\/users\/3"}],"replies":[{"embeddable":true,"href":"https:\/\/www.feuerwehr-riedrode.de\/wordpress\/wp-json\/wp\/v2\/comments?post=1122"}],"version-history":[{"count":1,"href":"https:\/\/www.feuerwehr-riedrode.de\/wordpress\/wp-json\/wp\/v2\/posts\/1122\/revisions"}],"predecessor-version":[{"id":1123,"href":"https:\/\/www.feuerwehr-riedrode.de\/wordpress\/wp-json\/wp\/v2\/posts\/1122\/revisions\/1123"}],"wp:attachment":[{"href":"https:\/\/www.feuerwehr-riedrode.de\/wordpress\/wp-json\/wp\/v2\/media?parent=1122"}],"wp:term":[{"taxonomy":"category","embeddable":true,"href":"https:\/\/www.feuerwehr-riedrode.de\/wordpress\/wp-json\/wp\/v2\/categories?post=1122"},{"taxonomy":"post_tag","embeddable":true,"href":"https:\/\/www.feuerwehr-riedrode.de\/wordpress\/wp-json\/wp\/v2\/tags?post=1122"}],"curies":[{"name":"wp","href":"https:\/\/api.w.org\/{rel}","templated":true}]}}