{"id":1051,"date":"2024-05-03T22:11:02","date_gmt":"2024-05-03T20:11:02","guid":{"rendered":"https:\/\/www.feuerwehr-riedrode.de\/wordpress\/?p=1051"},"modified":"2024-05-03T22:11:03","modified_gmt":"2024-05-03T20:11:03","slug":"gemeinsame-jahreshauptversammlung-der-feuerwehren-buerstadt","status":"publish","type":"post","link":"https:\/\/www.feuerwehr-riedrode.de\/wordpress\/2024\/05\/03\/gemeinsame-jahreshauptversammlung-der-feuerwehren-buerstadt\/","title":{"rendered":"Gemeinsame Jahreshauptversammlung der Feuerwehren B\u00fcrstadt"},"content":{"rendered":"\n<p>Am Samstag dem 27. April 2024 \u00f6ffnete die Feuerwehr Riedrode ihre Pforten zur gemeinsamen Jahreshauptversammlung der drei Feuerwehren der Stadt B\u00fcrstadt.<\/p>\n\n\n\n<p>Zahlreiche G\u00e4ste, darunter B\u00fcrgermeisterin Barbara Schader, Stadtverordnetenvorsteher J\u00fcrgen Eberle, erster Stadtrat Christoph Lang, Kreisbrandmeister Markus Stracke und Vertreter der Kommunalpolitik, versammelten sich, um die Leistungen unserer Kameradinnen und Kameraden zu feiern.<\/p>\n\n\n\n<p>Stadtbrandinspektor Sebastian Kaiser und dessen Stellvertreter Manuel Hildebrandt f\u00fchrten gemeinsam durch den Abend.<\/p>\n\n\n\n<p>Nach dem Bericht von Sebastian Kaiser, der das vergangene, ereignisreiche Jahr zusammenfasste, folgte der H\u00f6hepunkt des Abends. Ehrungen und Bef\u00f6rderung verdienter Kameradinnen und Kameraden durch B\u00fcrgermeisterin Babara Schader und Kreisbrandmeister Markus Stracke sowie offizielle Ernennungen von Kameraden in verschiedenen \u00c4mtern!<\/p>\n\n\n\n<p><strong>Bef\u00f6rdert wurde:<\/strong><\/p>\n\n\n\n<p>Zum Hauptl\u00f6schmeister &#8211; Sven Molitor<\/p>\n\n\n\n<p><strong>Geehrt wurden:<\/strong><\/p>\n\n\n\n<p>F\u00fcr 10 Jahre aktiven Dienst &#8211; Vanessa Kleine<\/p>\n\n\n\n<p>F\u00fcr 25 Jahre aktiven Dienst &#8211; Claus Wilker<\/p>\n\n\n\n<p>F\u00fcr 20 Jahre Mitgliedschaft &#8211; Tobias Helwerth<\/p>\n\n\n\n<p>F\u00fcr 30 Jahre Mitgliedschaft &#8211; Cornelia Hahl, Christian Heiser und David Rennert<\/p>\n\n\n\n<p>F\u00fcr 40 Jahre Mitgliedschaft &#8211; Klaus Molitor<\/p>\n\n\n\n<p>F\u00fcr 50 Jahre Mitgliedschaft &#8211; Helmut Baierle, Bruno Dexler, Alfred Engert, Karl-Heinz Engert, Siegfried Gebhardt, Dieter Heiser, Hans-Walther Winkler und Friedrich Winkler<\/p>\n\n\n\n<p>Die goldene Ehrennadel &#8211; Irene Eberlein und Stephan Thomas<\/p>\n\n\n\n<p><strong>Offizielle Ernennungen durch die Stadt:<\/strong><\/p>\n\n\n\n<p>Wehrf\u00fchrung Bobstadt &#8211; Christoph Heiser und Dirk Neumann<\/p>\n\n\n\n<p>Wehrf\u00fchrung Riedrode &#8211; Sascha Brutscher und Silas Reinig<\/p>\n\n\n\n<p><strong>Ernennungen durch den Kreis Bergstra\u00dfe:<\/strong><\/p>\n\n\n\n<p>Einheitsf\u00fchrung GABC-Messeinheit Kreis Bergstra\u00dfe &#8211; Alexander Brinkmann und Moritz Neumann<\/p>\n\n\n\n<p><strong>Entlassungen durch den Kreis Bergstra\u00dfe:<\/strong><\/p>\n\n\n\n<p>Ehemaliger Einheitsf\u00fchrer GABC-Messeinheit Kreis Bergstra\u00dfe &#8211; Christian Schembs<\/p>\n\n\n\n<p>Wir gratulieren allen geehrten und bef\u00f6rderten Kameradinnen und Kameraden und w\u00fcnschen allen ernannten Amtstr\u00e4gern viel Erfolg bei ihren bevorstehenden Aufgaben!<\/p>\n\n\n\n<p>Au\u00dferdem ein gro\u00dfes Dankesch\u00f6n an alle, die zum Gelingen der Jahreshauptversammlung beigetragen haben!<\/p>\n\n\n\n<figure class=\"wp-block-gallery has-nested-images columns-default is-cropped wp-block-gallery-1 is-layout-flex wp-block-gallery-is-layout-flex\">\n<figure class=\"wp-block-image size-large\"><img loading=\"lazy\" decoding=\"async\" width=\"1024\" height=\"577\" data-id=\"1052\" src=\"https:\/\/www.feuerwehr-riedrode.de\/wordpress\/wp-content\/uploads\/2024\/05\/20240427_190633-1024x577.jpg\" alt=\"\" class=\"wp-image-1052\" srcset=\"https:\/\/www.feuerwehr-riedrode.de\/wordpress\/wp-content\/uploads\/2024\/05\/20240427_190633-1024x577.jpg 1024w, https:\/\/www.feuerwehr-riedrode.de\/wordpress\/wp-content\/uploads\/2024\/05\/20240427_190633-300x169.jpg 300w, https:\/\/www.feuerwehr-riedrode.de\/wordpress\/wp-content\/uploads\/2024\/05\/20240427_190633-768x432.jpg 768w, https:\/\/www.feuerwehr-riedrode.de\/wordpress\/wp-content\/uploads\/2024\/05\/20240427_190633-1536x865.jpg 1536w, https:\/\/www.feuerwehr-riedrode.de\/wordpress\/wp-content\/uploads\/2024\/05\/20240427_190633-2048x1153.jpg 2048w, https:\/\/www.feuerwehr-riedrode.de\/wordpress\/wp-content\/uploads\/2024\/05\/20240427_190633-320x180.jpg 320w, https:\/\/www.feuerwehr-riedrode.de\/wordpress\/wp-content\/uploads\/2024\/05\/20240427_190633-480x270.jpg 480w, https:\/\/www.feuerwehr-riedrode.de\/wordpress\/wp-content\/uploads\/2024\/05\/20240427_190633-800x450.jpg 800w\" sizes=\"auto, (max-width: 1024px) 100vw, 1024px\" \/><\/figure>\n\n\n\n<figure class=\"wp-block-image size-large\"><img loading=\"lazy\" decoding=\"async\" width=\"1024\" height=\"577\" data-id=\"1053\" src=\"https:\/\/www.feuerwehr-riedrode.de\/wordpress\/wp-content\/uploads\/2024\/05\/20240427_203013-1024x577.jpg\" alt=\"\" class=\"wp-image-1053\" srcset=\"https:\/\/www.feuerwehr-riedrode.de\/wordpress\/wp-content\/uploads\/2024\/05\/20240427_203013-1024x577.jpg 1024w, https:\/\/www.feuerwehr-riedrode.de\/wordpress\/wp-content\/uploads\/2024\/05\/20240427_203013-300x169.jpg 300w, https:\/\/www.feuerwehr-riedrode.de\/wordpress\/wp-content\/uploads\/2024\/05\/20240427_203013-768x432.jpg 768w, https:\/\/www.feuerwehr-riedrode.de\/wordpress\/wp-content\/uploads\/2024\/05\/20240427_203013-1536x865.jpg 1536w, https:\/\/www.feuerwehr-riedrode.de\/wordpress\/wp-content\/uploads\/2024\/05\/20240427_203013-2048x1153.jpg 2048w, https:\/\/www.feuerwehr-riedrode.de\/wordpress\/wp-content\/uploads\/2024\/05\/20240427_203013-320x180.jpg 320w, https:\/\/www.feuerwehr-riedrode.de\/wordpress\/wp-content\/uploads\/2024\/05\/20240427_203013-480x270.jpg 480w, https:\/\/www.feuerwehr-riedrode.de\/wordpress\/wp-content\/uploads\/2024\/05\/20240427_203013-800x451.jpg 800w\" sizes=\"auto, (max-width: 1024px) 100vw, 1024px\" \/><\/figure>\n<\/figure>\n","protected":false},"excerpt":{"rendered":"<p>Am Samstag dem 27. April 2024 \u00f6ffnete die Feuerwehr Riedrode ihre Pforten zur gemeinsamen Jahreshauptversammlung der drei Feuerwehren der Stadt B\u00fcrstadt. Zahlreiche G\u00e4ste, darunter B\u00fcrgermeisterin Barbara Schader, Stadtverordnetenvorsteher J\u00fcrgen Eberle, erster Stadtrat Christoph Lang, Kreisbrandmeister Markus Stracke und Vertreter der Kommunalpolitik, versammelten sich, um die Leistungen unserer Kameradinnen und Kameraden zu feiern. Stadtbrandinspektor Sebastian Kaiser &#8230; <a title=\"Gemeinsame Jahreshauptversammlung der Feuerwehren B\u00fcrstadt\" class=\"read-more\" href=\"https:\/\/www.feuerwehr-riedrode.de\/wordpress\/2024\/05\/03\/gemeinsame-jahreshauptversammlung-der-feuerwehren-buerstadt\/\" aria-label=\"Mehr Informationen \u00fcber Gemeinsame Jahreshauptversammlung der Feuerwehren B\u00fcrstadt\">Weiterlesen<\/a><\/p>\n","protected":false},"author":3,"featured_media":0,"comment_status":"closed","ping_status":"closed","sticky":false,"template":"","format":"standard","meta":{"footnotes":""},"categories":[1,5],"tags":[],"class_list":["post-1051","post","type-post","status-publish","format-standard","hentry","category-allgemein","category-informationen"],"_links":{"self":[{"href":"https:\/\/www.feuerwehr-riedrode.de\/wordpress\/wp-json\/wp\/v2\/posts\/1051","targetHints":{"allow":["GET"]}}],"collection":[{"href":"https:\/\/www.feuerwehr-riedrode.de\/wordpress\/wp-json\/wp\/v2\/posts"}],"about":[{"href":"https:\/\/www.feuerwehr-riedrode.de\/wordpress\/wp-json\/wp\/v2\/types\/post"}],"author":[{"embeddable":true,"href":"https:\/\/www.feuerwehr-riedrode.de\/wordpress\/wp-json\/wp\/v2\/users\/3"}],"replies":[{"embeddable":true,"href":"https:\/\/www.feuerwehr-riedrode.de\/wordpress\/wp-json\/wp\/v2\/comments?post=1051"}],"version-history":[{"count":1,"href":"https:\/\/www.feuerwehr-riedrode.de\/wordpress\/wp-json\/wp\/v2\/posts\/1051\/revisions"}],"predecessor-version":[{"id":1054,"href":"https:\/\/www.feuerwehr-riedrode.de\/wordpress\/wp-json\/wp\/v2\/posts\/1051\/revisions\/1054"}],"wp:attachment":[{"href":"https:\/\/www.feuerwehr-riedrode.de\/wordpress\/wp-json\/wp\/v2\/media?parent=1051"}],"wp:term":[{"taxonomy":"category","embeddable":true,"href":"https:\/\/www.feuerwehr-riedrode.de\/wordpress\/wp-json\/wp\/v2\/categories?post=1051"},{"taxonomy":"post_tag","embeddable":true,"href":"https:\/\/www.feuerwehr-riedrode.de\/wordpress\/wp-json\/wp\/v2\/tags?post=1051"}],"curies":[{"name":"wp","href":"https:\/\/api.w.org\/{rel}","templated":true}]}}