{"id":1026,"date":"2024-02-18T22:09:21","date_gmt":"2024-02-18T21:09:21","guid":{"rendered":"https:\/\/www.feuerwehr-riedrode.de\/wordpress\/?p=1026"},"modified":"2024-02-18T22:21:01","modified_gmt":"2024-02-18T21:21:01","slug":"jahreshaupt-und-mitgliederversammlung-ffw-riedrode-2024","status":"publish","type":"post","link":"https:\/\/www.feuerwehr-riedrode.de\/wordpress\/2024\/02\/18\/jahreshaupt-und-mitgliederversammlung-ffw-riedrode-2024\/","title":{"rendered":"Jahreshaupt- und Mitgliederversammlung FFW Riedrode 2024"},"content":{"rendered":"\n<p>Die diesj\u00e4hrige Jahreshaupt- und Mitgliederversammlung der Freiwilligen Feuerwehr Riedrode am gestrigen Samstag (17.02.2024) erfreute sich einer gro\u00dfen Besucherzahl. Neben zahlreichen G\u00e4sten aus Politik, Verwaltung und Presse, duften wir auch einige Kameraden und Freunde der Feuerwehren B\u00fcrstadt Mitte und Freiwillige Feuerwehr Bobstadt sowie des DRK Ortsverband B\u00fcrstadt an unseren Tischen willkommen hei\u00dfen<\/p>\n\n\n\n<p>Unser Wehrf\u00fchrer Sascha Brutscher begr\u00fc\u00dfte die Versammlung zur Jahreshauptversammlung und begann die Tagesordnung mit der Totenehrung und der Verlesung des Vorjahresprotokolls durch den Schriftf\u00fchrer Thorsten Reski.<\/p>\n\n\n\n<p>Im Anschluss informierte er in seinem Bericht \u00fcber die Geschehnisse sowie Zahlen und Fakten aus dem vergangenen Jahr. Mit einer traurigen Bilanz von 51 Eins\u00e4tzen war 2023 leider ein ereignisreiches Jahr. Um diese Aufgaben zu bew\u00e4ltigen, absolvierten unsere aktiven Kameraden allein im vergangenen Jahr 52 Lehrg\u00e4nge, Fortbildungen und Seminare. Zudem stellten wir ben\u00f6tigtes Personal f\u00fcr 9 Brandsicherheitsdienste.&nbsp;<\/p>\n\n\n\n<p>Danach \u00fcbergab Sascha das Rednerpult zun\u00e4chst an den Jugendfeuerwehrwart Benjamin Eichhorn, den Leiter der Kinderfeuerwehr \u201eFirekids\u201c Silas Reinig und den Vertreter der Alters- &amp; Ehrenabteilung Edgar Wilker, die ebenfalls ihre Jahresberichte vortrugen.<\/p>\n\n\n\n<p>Mit etlichen Neuwahlen ging die Versammlung in den n\u00e4chsten Tagespunkt \u00fcber.<\/p>\n\n\n\n<p>Die Ergebnisse der Wahlen waren wie folgt:<\/p>\n\n\n\n<ul class=\"wp-block-list\">\n<li>Sascha Brutscher wurde als Wehrf\u00fchrer best\u00e4tigt<\/li>\n\n\n\n<li>Silas Reinig wurde als neuer Stellvertretender Wehrf\u00fchrer gew\u00e4hlt<\/li>\n\n\n\n<li>Jannis Ruhl, Markus Gerhard und Maximilian Molitor wurden als neue Beisitzer im Wehrausschuss bestimmt.<\/li>\n\n\n\n<li>Stephan Thomas ist neuer Vertreter der Alters- &amp; Ehrenabteilung.<\/li>\n<\/ul>\n\n\n\n<p>Auch dieses Jahr wurden einige Bef\u00f6rderungen und Ehrungen f\u00fcr besondere Dienste ausgesprochen:<\/p>\n\n\n\n<ul class=\"wp-block-list\">\n<li>Feuerwehrmann\/Feuerwehrfrau \u2013 Bj\u00f6rn Steinmann, Luca Biondi, Noah Hartmann und Dominika Kornecki<\/li>\n\n\n\n<li>Oberfeuerwehrmann \u2013 Casper Elkjaer<\/li>\n\n\n\n<li>Hauptfeuerwehrmann \u2013 Jonas Bechtold und Christian Kohl<\/li>\n\n\n\n<li>L\u00f6schmeister &#8211; Silas Reinig<\/li>\n<\/ul>\n\n\n\n<p>Geehrt wurden in diesem Jahr:<\/p>\n\n\n\n<ul class=\"wp-block-list\">\n<li>Florianmedaille Bronze \u2013 Christian Kohl<\/li>\n\n\n\n<li>Florianmedaille Silber \u2013 Markus Gerhard<\/li>\n\n\n\n<li>Kinderfeuerwehrmedaille Bronze \u2013 Silas Reinig<\/li>\n<\/ul>\n\n\n\n<p>Zum Abschluss gab es auch in diesem Jahr einige Wortbeitr\u00e4ge unter anderem von B\u00fcrgermeisterin Barbara Schader, Stadtverordnetenvorsteher J\u00fcrgen Eberle und Ortsvorsteher Helmut Dietz, die unsere freiwillige T\u00e4tigkeit und das Engagement, unter anderem auch f\u00fcr die Jugendarbeit, mit lobenden Worten bedachten.<\/p>\n\n\n\n<p>Die anschlie\u00dfende Mitgliederversammlung startete mit der Begr\u00fc\u00dfung durch den Vorsitzenden Sven Brutscher und der Verlesung des Vorjahresprotokolls.<\/p>\n\n\n\n<p>Im Anschluss informierte Sven die Anwesenden ebenfalls mit dem Bericht des vergangenen Jahres. Der Kassenwart Noah Hartmann verlas den Bericht des Kassenverwalters und die einwandfreie Kassenf\u00fchrung wurde im Anschluss durch die Kassenpr\u00fcfer best\u00e4tigt.<\/p>\n\n\n\n<p>Auch in der Mitgliederversammlung standen Wahlen an. Gew\u00e4hlt wurden\u2026<\/p>\n\n\n\n<ul class=\"wp-block-list\">\n<li>Max Kissel als neuer Vorsitzender<\/li>\n\n\n\n<li>Uwe Zinnel best\u00e4tigt als Stellvertretender Vorsitzender<\/li>\n\n\n\n<li>Noah Hartmann best\u00e4tigt als Kassenverwalter<\/li>\n\n\n\n<li>Thorsten Reski best\u00e4tigt als Schriftf\u00fchrer<\/li>\n\n\n\n<li>Bj\u00f6rn Steinmann als neuer Pressewart<\/li>\n\n\n\n<li>Jannis Ruhl und Stefan Thomas als Besitzer des Vorstands<\/li>\n\n\n\n<li>Benjamin Eichhorn best\u00e4tigt als Jugendfeuerwehrwart<\/li>\n\n\n\n<li>Leon Gerhard als Leiter der Kinderfeuerwehr<\/li>\n<\/ul>\n\n\n\n<p>Alle Wahlen erfolgten einstimmig bei eigener Enthaltung!<\/p>\n\n\n\n<p>Allen gew\u00e4hlten und best\u00e4tigten Vertretern des Vereins herzlichen Gl\u00fcckwunsch und viel Erfolg! <\/p>\n\n\n\n<p>Im Rahmen langj\u00e4hriger Mitgliedschaft wurden folgende Personen geehrt:<\/p>\n\n\n\n<ul class=\"wp-block-list\">\n<li>25 Jahre Mitgliedschaft \u2013 Brigitte Dietsch und Sandra Gerhard<\/li>\n\n\n\n<li>40 Jahre Mitgliedschaft &#8211; Uwe Fischer, Bernd Ruhl und Fred Hofmann<\/li>\n\n\n\n<li>60 Jahre Mitgliedschaft \u2013 Manfred Burk <\/li>\n\n\n\n<li>Ehrenmitglied &#8211; Claus Ofenloch f\u00fcr sein jahrzehntelanges Wirken und Engagement im Rahmen der Freiwilligen Feuerwehr Riedrode sowie seine einzigartige \u00fcber ein normales Ehrenamt hinausgehende Hilfsbereitschaft<\/li>\n<\/ul>\n\n\n\n<figure class=\"wp-block-gallery has-nested-images columns-default is-cropped wp-block-gallery-1 is-layout-flex wp-block-gallery-is-layout-flex\">\n<figure class=\"wp-block-image size-large\"><img loading=\"lazy\" decoding=\"async\" width=\"1024\" height=\"768\" data-id=\"1030\" src=\"https:\/\/www.feuerwehr-riedrode.de\/wordpress\/wp-content\/uploads\/2024\/02\/JHuMV_2024_01.jpg\" alt=\"\" class=\"wp-image-1030\" srcset=\"https:\/\/www.feuerwehr-riedrode.de\/wordpress\/wp-content\/uploads\/2024\/02\/JHuMV_2024_01.jpg 1024w, https:\/\/www.feuerwehr-riedrode.de\/wordpress\/wp-content\/uploads\/2024\/02\/JHuMV_2024_01-300x225.jpg 300w, https:\/\/www.feuerwehr-riedrode.de\/wordpress\/wp-content\/uploads\/2024\/02\/JHuMV_2024_01-768x576.jpg 768w, https:\/\/www.feuerwehr-riedrode.de\/wordpress\/wp-content\/uploads\/2024\/02\/JHuMV_2024_01-320x240.jpg 320w, https:\/\/www.feuerwehr-riedrode.de\/wordpress\/wp-content\/uploads\/2024\/02\/JHuMV_2024_01-480x360.jpg 480w, https:\/\/www.feuerwehr-riedrode.de\/wordpress\/wp-content\/uploads\/2024\/02\/JHuMV_2024_01-800x600.jpg 800w\" sizes=\"auto, (max-width: 1024px) 100vw, 1024px\" \/><\/figure>\n\n\n\n<figure class=\"wp-block-image size-large\"><img loading=\"lazy\" decoding=\"async\" width=\"1024\" height=\"768\" data-id=\"1031\" src=\"https:\/\/www.feuerwehr-riedrode.de\/wordpress\/wp-content\/uploads\/2024\/02\/JHuMV_2024_02.jpg\" alt=\"\" class=\"wp-image-1031\" srcset=\"https:\/\/www.feuerwehr-riedrode.de\/wordpress\/wp-content\/uploads\/2024\/02\/JHuMV_2024_02.jpg 1024w, https:\/\/www.feuerwehr-riedrode.de\/wordpress\/wp-content\/uploads\/2024\/02\/JHuMV_2024_02-300x225.jpg 300w, https:\/\/www.feuerwehr-riedrode.de\/wordpress\/wp-content\/uploads\/2024\/02\/JHuMV_2024_02-768x576.jpg 768w, https:\/\/www.feuerwehr-riedrode.de\/wordpress\/wp-content\/uploads\/2024\/02\/JHuMV_2024_02-320x240.jpg 320w, https:\/\/www.feuerwehr-riedrode.de\/wordpress\/wp-content\/uploads\/2024\/02\/JHuMV_2024_02-480x360.jpg 480w, https:\/\/www.feuerwehr-riedrode.de\/wordpress\/wp-content\/uploads\/2024\/02\/JHuMV_2024_02-800x600.jpg 800w\" sizes=\"auto, (max-width: 1024px) 100vw, 1024px\" \/><\/figure>\n\n\n\n<figure class=\"wp-block-image size-large\"><img loading=\"lazy\" decoding=\"async\" width=\"1024\" height=\"768\" data-id=\"1032\" src=\"https:\/\/www.feuerwehr-riedrode.de\/wordpress\/wp-content\/uploads\/2024\/02\/JHuMV_2024_03.jpg\" alt=\"\" class=\"wp-image-1032\" srcset=\"https:\/\/www.feuerwehr-riedrode.de\/wordpress\/wp-content\/uploads\/2024\/02\/JHuMV_2024_03.jpg 1024w, https:\/\/www.feuerwehr-riedrode.de\/wordpress\/wp-content\/uploads\/2024\/02\/JHuMV_2024_03-300x225.jpg 300w, https:\/\/www.feuerwehr-riedrode.de\/wordpress\/wp-content\/uploads\/2024\/02\/JHuMV_2024_03-768x576.jpg 768w, https:\/\/www.feuerwehr-riedrode.de\/wordpress\/wp-content\/uploads\/2024\/02\/JHuMV_2024_03-320x240.jpg 320w, https:\/\/www.feuerwehr-riedrode.de\/wordpress\/wp-content\/uploads\/2024\/02\/JHuMV_2024_03-480x360.jpg 480w, https:\/\/www.feuerwehr-riedrode.de\/wordpress\/wp-content\/uploads\/2024\/02\/JHuMV_2024_03-800x600.jpg 800w\" sizes=\"auto, (max-width: 1024px) 100vw, 1024px\" \/><\/figure>\n\n\n\n<figure class=\"wp-block-image size-large\"><img loading=\"lazy\" decoding=\"async\" width=\"1024\" height=\"768\" data-id=\"1033\" src=\"https:\/\/www.feuerwehr-riedrode.de\/wordpress\/wp-content\/uploads\/2024\/02\/JHuMV_2024_04.jpg\" alt=\"\" class=\"wp-image-1033\" srcset=\"https:\/\/www.feuerwehr-riedrode.de\/wordpress\/wp-content\/uploads\/2024\/02\/JHuMV_2024_04.jpg 1024w, https:\/\/www.feuerwehr-riedrode.de\/wordpress\/wp-content\/uploads\/2024\/02\/JHuMV_2024_04-300x225.jpg 300w, https:\/\/www.feuerwehr-riedrode.de\/wordpress\/wp-content\/uploads\/2024\/02\/JHuMV_2024_04-768x576.jpg 768w, https:\/\/www.feuerwehr-riedrode.de\/wordpress\/wp-content\/uploads\/2024\/02\/JHuMV_2024_04-320x240.jpg 320w, https:\/\/www.feuerwehr-riedrode.de\/wordpress\/wp-content\/uploads\/2024\/02\/JHuMV_2024_04-480x360.jpg 480w, https:\/\/www.feuerwehr-riedrode.de\/wordpress\/wp-content\/uploads\/2024\/02\/JHuMV_2024_04-800x600.jpg 800w\" sizes=\"auto, (max-width: 1024px) 100vw, 1024px\" \/><\/figure>\n\n\n\n<figure class=\"wp-block-image size-large\"><img loading=\"lazy\" decoding=\"async\" width=\"576\" height=\"768\" data-id=\"1034\" src=\"https:\/\/www.feuerwehr-riedrode.de\/wordpress\/wp-content\/uploads\/2024\/02\/JHuMV_2024_05.jpg\" alt=\"\" class=\"wp-image-1034\" srcset=\"https:\/\/www.feuerwehr-riedrode.de\/wordpress\/wp-content\/uploads\/2024\/02\/JHuMV_2024_05.jpg 576w, https:\/\/www.feuerwehr-riedrode.de\/wordpress\/wp-content\/uploads\/2024\/02\/JHuMV_2024_05-225x300.jpg 225w, https:\/\/www.feuerwehr-riedrode.de\/wordpress\/wp-content\/uploads\/2024\/02\/JHuMV_2024_05-320x427.jpg 320w, https:\/\/www.feuerwehr-riedrode.de\/wordpress\/wp-content\/uploads\/2024\/02\/JHuMV_2024_05-480x640.jpg 480w\" sizes=\"auto, (max-width: 576px) 100vw, 576px\" \/><\/figure>\n\n\n\n<figure class=\"wp-block-image size-large\"><img loading=\"lazy\" decoding=\"async\" width=\"1024\" height=\"768\" data-id=\"1035\" src=\"https:\/\/www.feuerwehr-riedrode.de\/wordpress\/wp-content\/uploads\/2024\/02\/JHuMV_2024_06.jpg\" alt=\"\" class=\"wp-image-1035\" srcset=\"https:\/\/www.feuerwehr-riedrode.de\/wordpress\/wp-content\/uploads\/2024\/02\/JHuMV_2024_06.jpg 1024w, https:\/\/www.feuerwehr-riedrode.de\/wordpress\/wp-content\/uploads\/2024\/02\/JHuMV_2024_06-300x225.jpg 300w, https:\/\/www.feuerwehr-riedrode.de\/wordpress\/wp-content\/uploads\/2024\/02\/JHuMV_2024_06-768x576.jpg 768w, https:\/\/www.feuerwehr-riedrode.de\/wordpress\/wp-content\/uploads\/2024\/02\/JHuMV_2024_06-320x240.jpg 320w, https:\/\/www.feuerwehr-riedrode.de\/wordpress\/wp-content\/uploads\/2024\/02\/JHuMV_2024_06-480x360.jpg 480w, https:\/\/www.feuerwehr-riedrode.de\/wordpress\/wp-content\/uploads\/2024\/02\/JHuMV_2024_06-800x600.jpg 800w\" sizes=\"auto, (max-width: 1024px) 100vw, 1024px\" \/><\/figure>\n\n\n\n<figure class=\"wp-block-image size-large\"><img loading=\"lazy\" decoding=\"async\" width=\"576\" height=\"768\" data-id=\"1036\" src=\"https:\/\/www.feuerwehr-riedrode.de\/wordpress\/wp-content\/uploads\/2024\/02\/JHuMV_2024_07.jpg\" alt=\"\" class=\"wp-image-1036\" srcset=\"https:\/\/www.feuerwehr-riedrode.de\/wordpress\/wp-content\/uploads\/2024\/02\/JHuMV_2024_07.jpg 576w, https:\/\/www.feuerwehr-riedrode.de\/wordpress\/wp-content\/uploads\/2024\/02\/JHuMV_2024_07-225x300.jpg 225w, https:\/\/www.feuerwehr-riedrode.de\/wordpress\/wp-content\/uploads\/2024\/02\/JHuMV_2024_07-320x427.jpg 320w, https:\/\/www.feuerwehr-riedrode.de\/wordpress\/wp-content\/uploads\/2024\/02\/JHuMV_2024_07-480x640.jpg 480w\" sizes=\"auto, (max-width: 576px) 100vw, 576px\" \/><\/figure>\n\n\n\n<figure class=\"wp-block-image size-large\"><img loading=\"lazy\" decoding=\"async\" width=\"1024\" height=\"768\" data-id=\"1037\" src=\"https:\/\/www.feuerwehr-riedrode.de\/wordpress\/wp-content\/uploads\/2024\/02\/JHuMV_2024_08.jpg\" alt=\"\" class=\"wp-image-1037\" srcset=\"https:\/\/www.feuerwehr-riedrode.de\/wordpress\/wp-content\/uploads\/2024\/02\/JHuMV_2024_08.jpg 1024w, https:\/\/www.feuerwehr-riedrode.de\/wordpress\/wp-content\/uploads\/2024\/02\/JHuMV_2024_08-300x225.jpg 300w, https:\/\/www.feuerwehr-riedrode.de\/wordpress\/wp-content\/uploads\/2024\/02\/JHuMV_2024_08-768x576.jpg 768w, https:\/\/www.feuerwehr-riedrode.de\/wordpress\/wp-content\/uploads\/2024\/02\/JHuMV_2024_08-320x240.jpg 320w, https:\/\/www.feuerwehr-riedrode.de\/wordpress\/wp-content\/uploads\/2024\/02\/JHuMV_2024_08-480x360.jpg 480w, https:\/\/www.feuerwehr-riedrode.de\/wordpress\/wp-content\/uploads\/2024\/02\/JHuMV_2024_08-800x600.jpg 800w\" sizes=\"auto, (max-width: 1024px) 100vw, 1024px\" \/><\/figure>\n\n\n\n<figure class=\"wp-block-image size-large\"><img loading=\"lazy\" decoding=\"async\" width=\"576\" height=\"768\" data-id=\"1038\" src=\"https:\/\/www.feuerwehr-riedrode.de\/wordpress\/wp-content\/uploads\/2024\/02\/JHuMV_2024_09.jpg\" alt=\"\" class=\"wp-image-1038\" srcset=\"https:\/\/www.feuerwehr-riedrode.de\/wordpress\/wp-content\/uploads\/2024\/02\/JHuMV_2024_09.jpg 576w, https:\/\/www.feuerwehr-riedrode.de\/wordpress\/wp-content\/uploads\/2024\/02\/JHuMV_2024_09-225x300.jpg 225w, https:\/\/www.feuerwehr-riedrode.de\/wordpress\/wp-content\/uploads\/2024\/02\/JHuMV_2024_09-320x427.jpg 320w, https:\/\/www.feuerwehr-riedrode.de\/wordpress\/wp-content\/uploads\/2024\/02\/JHuMV_2024_09-480x640.jpg 480w\" sizes=\"auto, (max-width: 576px) 100vw, 576px\" \/><\/figure>\n\n\n\n<figure class=\"wp-block-image size-large\"><img loading=\"lazy\" decoding=\"async\" width=\"576\" height=\"768\" data-id=\"1039\" src=\"https:\/\/www.feuerwehr-riedrode.de\/wordpress\/wp-content\/uploads\/2024\/02\/JHuMV_2024_10.jpg\" alt=\"\" class=\"wp-image-1039\" srcset=\"https:\/\/www.feuerwehr-riedrode.de\/wordpress\/wp-content\/uploads\/2024\/02\/JHuMV_2024_10.jpg 576w, https:\/\/www.feuerwehr-riedrode.de\/wordpress\/wp-content\/uploads\/2024\/02\/JHuMV_2024_10-225x300.jpg 225w, https:\/\/www.feuerwehr-riedrode.de\/wordpress\/wp-content\/uploads\/2024\/02\/JHuMV_2024_10-320x427.jpg 320w, https:\/\/www.feuerwehr-riedrode.de\/wordpress\/wp-content\/uploads\/2024\/02\/JHuMV_2024_10-480x640.jpg 480w\" sizes=\"auto, (max-width: 576px) 100vw, 576px\" \/><\/figure>\n\n\n\n<figure class=\"wp-block-image size-large\"><img loading=\"lazy\" decoding=\"async\" width=\"576\" height=\"768\" data-id=\"1040\" src=\"https:\/\/www.feuerwehr-riedrode.de\/wordpress\/wp-content\/uploads\/2024\/02\/JHuMV_2024_11.jpg\" alt=\"\" class=\"wp-image-1040\" srcset=\"https:\/\/www.feuerwehr-riedrode.de\/wordpress\/wp-content\/uploads\/2024\/02\/JHuMV_2024_11.jpg 576w, https:\/\/www.feuerwehr-riedrode.de\/wordpress\/wp-content\/uploads\/2024\/02\/JHuMV_2024_11-225x300.jpg 225w, https:\/\/www.feuerwehr-riedrode.de\/wordpress\/wp-content\/uploads\/2024\/02\/JHuMV_2024_11-320x427.jpg 320w, https:\/\/www.feuerwehr-riedrode.de\/wordpress\/wp-content\/uploads\/2024\/02\/JHuMV_2024_11-480x640.jpg 480w\" sizes=\"auto, (max-width: 576px) 100vw, 576px\" \/><\/figure>\n\n\n\n<figure class=\"wp-block-image size-large\"><img loading=\"lazy\" decoding=\"async\" width=\"1024\" height=\"660\" data-id=\"1041\" src=\"https:\/\/www.feuerwehr-riedrode.de\/wordpress\/wp-content\/uploads\/2024\/02\/JHuMV_2024_Wilker_01.jpg\" alt=\"\" class=\"wp-image-1041\" srcset=\"https:\/\/www.feuerwehr-riedrode.de\/wordpress\/wp-content\/uploads\/2024\/02\/JHuMV_2024_Wilker_01.jpg 1024w, https:\/\/www.feuerwehr-riedrode.de\/wordpress\/wp-content\/uploads\/2024\/02\/JHuMV_2024_Wilker_01-300x193.jpg 300w, https:\/\/www.feuerwehr-riedrode.de\/wordpress\/wp-content\/uploads\/2024\/02\/JHuMV_2024_Wilker_01-768x495.jpg 768w, https:\/\/www.feuerwehr-riedrode.de\/wordpress\/wp-content\/uploads\/2024\/02\/JHuMV_2024_Wilker_01-320x206.jpg 320w, https:\/\/www.feuerwehr-riedrode.de\/wordpress\/wp-content\/uploads\/2024\/02\/JHuMV_2024_Wilker_01-480x309.jpg 480w, https:\/\/www.feuerwehr-riedrode.de\/wordpress\/wp-content\/uploads\/2024\/02\/JHuMV_2024_Wilker_01-800x516.jpg 800w\" sizes=\"auto, (max-width: 1024px) 100vw, 1024px\" \/><\/figure>\n<\/figure>\n","protected":false},"excerpt":{"rendered":"<p>Die diesj\u00e4hrige Jahreshaupt- und Mitgliederversammlung der Freiwilligen Feuerwehr Riedrode am gestrigen Samstag (17.02.2024) erfreute sich einer gro\u00dfen Besucherzahl. Neben zahlreichen G\u00e4sten aus Politik, Verwaltung und Presse, duften wir auch einige Kameraden und Freunde der Feuerwehren B\u00fcrstadt Mitte und Freiwillige Feuerwehr Bobstadt sowie des DRK Ortsverband B\u00fcrstadt an unseren Tischen willkommen hei\u00dfen Unser Wehrf\u00fchrer Sascha Brutscher &#8230; <a title=\"Jahreshaupt- und Mitgliederversammlung FFW Riedrode 2024\" class=\"read-more\" href=\"https:\/\/www.feuerwehr-riedrode.de\/wordpress\/2024\/02\/18\/jahreshaupt-und-mitgliederversammlung-ffw-riedrode-2024\/\" aria-label=\"Mehr Informationen \u00fcber Jahreshaupt- und Mitgliederversammlung FFW Riedrode 2024\">Weiterlesen<\/a><\/p>\n","protected":false},"author":3,"featured_media":0,"comment_status":"closed","ping_status":"closed","sticky":false,"template":"","format":"standard","meta":{"footnotes":""},"categories":[1,5],"tags":[],"class_list":["post-1026","post","type-post","status-publish","format-standard","hentry","category-allgemein","category-informationen"],"_links":{"self":[{"href":"https:\/\/www.feuerwehr-riedrode.de\/wordpress\/wp-json\/wp\/v2\/posts\/1026","targetHints":{"allow":["GET"]}}],"collection":[{"href":"https:\/\/www.feuerwehr-riedrode.de\/wordpress\/wp-json\/wp\/v2\/posts"}],"about":[{"href":"https:\/\/www.feuerwehr-riedrode.de\/wordpress\/wp-json\/wp\/v2\/types\/post"}],"author":[{"embeddable":true,"href":"https:\/\/www.feuerwehr-riedrode.de\/wordpress\/wp-json\/wp\/v2\/users\/3"}],"replies":[{"embeddable":true,"href":"https:\/\/www.feuerwehr-riedrode.de\/wordpress\/wp-json\/wp\/v2\/comments?post=1026"}],"version-history":[{"count":4,"href":"https:\/\/www.feuerwehr-riedrode.de\/wordpress\/wp-json\/wp\/v2\/posts\/1026\/revisions"}],"predecessor-version":[{"id":1043,"href":"https:\/\/www.feuerwehr-riedrode.de\/wordpress\/wp-json\/wp\/v2\/posts\/1026\/revisions\/1043"}],"wp:attachment":[{"href":"https:\/\/www.feuerwehr-riedrode.de\/wordpress\/wp-json\/wp\/v2\/media?parent=1026"}],"wp:term":[{"taxonomy":"category","embeddable":true,"href":"https:\/\/www.feuerwehr-riedrode.de\/wordpress\/wp-json\/wp\/v2\/categories?post=1026"},{"taxonomy":"post_tag","embeddable":true,"href":"https:\/\/www.feuerwehr-riedrode.de\/wordpress\/wp-json\/wp\/v2\/tags?post=1026"}],"curies":[{"name":"wp","href":"https:\/\/api.w.org\/{rel}","templated":true}]}}